{"id":212084,"date":"2026-04-07T17:48:07","date_gmt":"2026-04-07T17:48:07","guid":{"rendered":"https:\/\/www.europesays.com\/se\/212084\/"},"modified":"2026-04-07T17:48:07","modified_gmt":"2026-04-07T17:48:07","slug":"johan-matgeek-hedberg-avslojar-sin-otrohet-ar-ansvarig","status":"publish","type":"post","link":"https:\/\/www.europesays.com\/se\/212084\/","title":{"rendered":"Johan Matgeek Hedberg avsl\u00f6jar sin otrohet: \u00c4r ansvarig"},"content":{"rendered":"<p>Publicerad 7 apr 2026 kl 19.00<\/p>\n<p>Johan \u201dMatgeek\u201d Hedberg skilde sig i december.<\/p>\n<p>Efter att ett internt meddelande l\u00e4ckt ber\u00e4ttar han nu om sin otrohet mot exfrun.<\/p>\n<p>\u2013 Det \u00e4r jag som \u00e4r ansvarig, s\u00e4ger han till Youtube-kanalen <a href=\"https:\/\/www.youtube.com\/watch?v=Us7vIsmAAvw\" rel=\"nofollow noopener\" target=\"_blank\">Clueenews<\/a>.<\/p>\n<p><img   alt=\"\"\/><\/p>\n<p>Johan \u201dMatgeek\u201d Hedberg.<\/p>\n<p>Foto: Youtube<\/p>\n<p>\u00d6ppna bild i helsk\u00e4rm<img loading=\"lazy\"   alt=\"\"\/><\/p>\n<p>Johan Hedberg.<\/p>\n<p>Foto: Youtube<\/p>\n<p>\u00d6ppna bild i helsk\u00e4rmArtikeln i korthet<\/p>\n<p> Johan \u201dMatgeek\u201d Hedberg har skilt sig.<\/p>\n<p> I en ny intervju ber\u00e4ttar han mer om bakgrunden och otroheten.<\/p>\n<p>Visa mer<\/p>\n<p>Under namnet Matgeek har Johan Hedberg, 49, gjort sig k\u00e4nd f\u00f6r sitt matrelaterade inneh\u00e5ll p\u00e5 Youtube.<\/p>\n<p>D\u00e4r g\u00f6r han allt fr\u00e5n att prova McDonald&#8217;s-burgare till att laga janssons frestelse, bes\u00f6ka matm\u00e4ssor eller <a href=\"https:\/\/www.expressen.se\/nyheter\/sverige\/lognerna-sprids-av-kandisar-baklaxa\/\" rel=\"nofollow noopener\" target=\"_blank\">kritisera dropshipping-f\u00f6retag<\/a>.<\/p>\n<p>Kontot har n\u00e4ra 350 000 prenumeranter.<\/p>\n<p>I december skilde han sig fr\u00e5n sin fru Linnea Hedberg och nyligen publicerade <a href=\"https:\/\/bloggbevakning.nyheter24.se\/2026\/03\/19\/matgeeks-avslojande-vacker-reaktioner\/\" rel=\"nofollow noopener\" target=\"_blank\">Bloggbevakning<\/a> ett meddelande som Johan Hedberg skrivit.<\/p>\n<p><img loading=\"lazy\"   alt=\"\"\/><\/p>\n<p>Matgeek har n\u00e4ra 350 000 prenumeranter p\u00e5 Youtube.<\/p>\n<p>Foto: Youtube<\/p>\n<p>\u00d6ppna bild i helsk\u00e4rm<\/p>\n<p>\u201dJag och Linnea ska skilja oss. Borde vi nog gjort f\u00f6r l\u00e4nge sen egentligen men ja, vi var bra projektledare f\u00f6r familjen men det var ocks\u00e5 allt. Hon flyttar ut n\u00e4sta vecka. Det gick S\u00c5 smidigt. Tills hon fick reda p\u00e5 att jag redan tr\u00e4ffat n\u00e5n ny. Och det f\u00f6r ett \u00e5r sen. Spekulera nu fritt\u201d, skrev Matgeek i ett meddelande som skickades i chattappen Discord.<\/p>\n<p>Meddelandet har f\u00e5tt stor uppm\u00e4rksamhet i sociala medier.<\/p>\n<p>I en intervju med Youtube-kanalen Clueenews, som har \u00f6ver 240 000 prenumeranter, ber\u00e4ttar nu Johan Hedberg mer.<\/p>\n<p>\u201dNaiv och spontan\u201d<\/p>\n<p>Han s\u00e4ger att det \u00e4r han som b\u00e4r ansvaret f\u00f6r att ha s\u00e5rat sin exfru och sina barn genom att i hemlighet ha tr\u00e4ffat n\u00e5gon ny.<\/p>\n<p>\u2013 Jag kan bara beklaga att jag har handlat p\u00e5 det h\u00e4r s\u00e4ttet. Jag har bett min fru och mina barn uppriktigt och \u00e4rligt om urs\u00e4kt. De f\u00e5r lida f\u00f6r att jag har gjort det h\u00e4r, s\u00e4ger han.<\/p>\n<p><img loading=\"lazy\"   alt=\"\"\/><\/p>\n<p>Intervjun med Clueenews.<\/p>\n<p>Foto: Youtube<\/p>\n<p>\u00d6ppna bild i helsk\u00e4rm<\/p>\n<p>G\u00e4llande Discord-meddelandet s\u00e4ger Johan Hedberg att det skrevs i en privat grupp med \u201d40-45 av hans tajtaste fans\u201d.<\/p>\n<p>\u2013 F\u00f6r mig var det som att jag satt p\u00e5 en restaurang med mina tre polare och snackade och det var det. Jag har tv\u00e5 problem: Det \u00e4r att jag \u00e4r naiv och alltid varit, och att jag \u00e4r f\u00f6r spontan ibland, s\u00e4ger han i intervjun.<\/p>\n<p>Han s\u00e4ger ocks\u00e5 att frun visste om otroheten tidigare \u00e4n det l\u00e5ter i Discord-meddelandet.<\/p>\n<p>N\u00e4r Expressen n\u00e5r Johan Hedberg utvecklar han:<\/p>\n<p>\u2013 Vi l\u00e4mnade in ans\u00f6kan om skilsm\u00e4ssa i december. Sedan fick hon reda p\u00e5 allt det bakomliggande i februari.<\/p>\n<p>\u2013 Jag g\u00f6r mitt yttersta f\u00f6r att skydda mina barn fr\u00e5n att det h\u00e4r ska bli \u00e4nnu st\u00f6kigare, s\u00e4ger han ocks\u00e5.<\/p>\n<p>Expressen har s\u00f6kt Linnea Hedberg som avb\u00f6jer att kommentera.<\/p>\n","protected":false},"excerpt":{"rendered":"Publicerad 7 apr 2026 kl 19.00 Johan \u201dMatgeek\u201d Hedberg skilde sig i december. Efter att ett internt meddelande&hellip;\n","protected":false},"author":2,"featured_media":212085,"comment_status":"","ping_status":"","sticky":false,"template":"","format":"standard","meta":{"footnotes":"","_share_on_mastodon":"0"},"categories":[67],"tags":[104,34,31,33,32,30,310,547,145,105],"class_list":["post-212084","post","type-post","status-publish","format-standard","has-post-thumbnail","category-underhallning","tag-entertainment","tag-se","tag-svenska","tag-sverige","tag-sweden","tag-swedish","tag-topic-kandisar","tag-topic-karlek-relationer","tag-topic-mat-dryck","tag-underhallning"],"share_on_mastodon":{"url":"https:\/\/pubeurope.com\/@se\/116364686557041932","error":""},"_links":{"self":[{"href":"https:\/\/www.europesays.com\/se\/wp-json\/wp\/v2\/posts\/212084","targetHints":{"allow":["GET"]}}],"collection":[{"href":"https:\/\/www.europesays.com\/se\/wp-json\/wp\/v2\/posts"}],"about":[{"href":"https:\/\/www.europesays.com\/se\/wp-json\/wp\/v2\/types\/post"}],"author":[{"embeddable":true,"href":"https:\/\/www.europesays.com\/se\/wp-json\/wp\/v2\/users\/2"}],"replies":[{"embeddable":true,"href":"https:\/\/www.europesays.com\/se\/wp-json\/wp\/v2\/comments?post=212084"}],"version-history":[{"count":0,"href":"https:\/\/www.europesays.com\/se\/wp-json\/wp\/v2\/posts\/212084\/revisions"}],"wp:featuredmedia":[{"embeddable":true,"href":"https:\/\/www.europesays.com\/se\/wp-json\/wp\/v2\/media\/212085"}],"wp:attachment":[{"href":"https:\/\/www.europesays.com\/se\/wp-json\/wp\/v2\/media?parent=212084"}],"wp:term":[{"taxonomy":"category","embeddable":true,"href":"https:\/\/www.europesays.com\/se\/wp-json\/wp\/v2\/categories?post=212084"},{"taxonomy":"post_tag","embeddable":true,"href":"https:\/\/www.europesays.com\/se\/wp-json\/wp\/v2\/tags?post=212084"}],"curies":[{"name":"wp","href":"https:\/\/api.w.org\/{rel}","templated":true}]}}