{"id":21237,"date":"2025-09-03T19:59:07","date_gmt":"2025-09-03T19:59:07","guid":{"rendered":"https:\/\/www.europesays.com\/se\/21237\/"},"modified":"2025-09-03T19:59:07","modified_gmt":"2025-09-03T19:59:07","slug":"shl-domare-i-olycka-blev-en-ambulans-ner-till-orebro","status":"publish","type":"post","link":"https:\/\/www.europesays.com\/se\/21237\/","title":{"rendered":"SHL-domare i olycka: &#8221;Blev en ambulans ner till \u00d6rebro&#8221;"},"content":{"rendered":"<p><strong>Daniel Eriksson, 33, missar inledningen av SHL-s\u00e4songen.<br \/>Domaren var n\u00e4mligen med om en cykelolycka i augusti, och \u00e5drog sig flera skador.<br \/>\u2013\u00a0Det blev tv\u00e4rstopp, s\u00e4ger han till <a href=\"https:\/\/www.expressen.se\/sport\/hockey\/shl\/shl-domaren-daniel-eriksson-allvarligt-skadad-i-cykelolycka\/\" rel=\"nofollow noopener\" target=\"_blank\">Expressen<\/a>.<\/strong><\/p>\n<p><img loading=\"lazy\" decoding=\"async\" width=\"1024\" height=\"658\" src=\"https:\/\/www.europesays.com\/se\/wp-content\/uploads\/2025\/09\/Nytt-projekt-10-1-1024x658.webp.webp\" alt=\"\" class=\"wp-image-301263\"  \/>Daniel Eriksson d\u00f6mer h\u00e4r semifinal tre mellan Fr\u00f6lunda och Lule\u00e5 i v\u00e5ras.<br \/>Foto: Bildbyr\u00e5n<\/p>\n<p><a href=\"https:\/\/hockeysverige.se\/shl\" rel=\"nofollow noopener\" target=\"_blank\">SHL<\/a> \u00e4r en domare kort p\u00e5 obest\u00e4md tid.<\/p>\n<p>Daniel Eriksson kommer n\u00e4mligen att f\u00e5 vila under s\u00e4songsinledningen. 33-\u00e5ringen var i augusti ute och cyklade mountainbike med sin flickv\u00e4n och misslyckades med ett hopp. I st\u00e4llet fl\u00f6g han rakt in i ett tr\u00e4d.<\/p>\n<p>\u2013\u00a0Det blev tv\u00e4rstopp, s\u00e4ger han till <a href=\"https:\/\/www.expressen.se\/sport\/hockey\/shl\/shl-domaren-daniel-eriksson-allvarligt-skadad-i-cykelolycka\/\" rel=\"nofollow noopener\" target=\"_blank\">Expressen<\/a>.<\/p>\n<p>Ett tag efter sm\u00e4llen lyfter han telefonen f\u00f6r att ringa en ambulans \u2013 han hade f\u00e5tt pirrande k\u00e4nslor i f\u00f6tter, h\u00e4nder och i huvudet. Erikson f\u00f6rdes till sjukhus i Mora.<\/p>\n<p>\u201dDet var lite oroligt f\u00f6rst\u201d<\/p>\n<p>Det visade sig vara leverskador som var av det st\u00f6rre slaget. Eriksson f\u00f6rdes vidare till \u00d6rebro f\u00f6r att f\u00e5 hj\u00e4lp vid sjukhuset i staden. D\u00e4r blev det en veckas \u00f6versyn fr\u00e5n l\u00e4karna.<\/p>\n<p>\u2013\u00a0Rent konkret var det en 10x8x7-centimeter-leverskada, en skada p\u00e5 stora h\u00e5lvenen och en skada p\u00e5 en njure. S\u00e5 det var lite oroligt f\u00f6rst, men jag lyckades h\u00e5lla ihop mig, och det klarade sig faktiskt utan n\u00e5gra ingrepp.<\/p>\n<p>Daniel Eriksson kommer inte att d\u00f6ma p\u00e5 ett tag och 33-\u00e5ringen ber\u00e4ttar f\u00f6r Expressen att han inte har en prognos p\u00e5 n\u00e4r det kan vara realistiskt att \u00e5terv\u00e4nda.<\/p>\n<p>\u2013\u00a0Nej, ingen alls. Det g\u00e5r inte att s\u00e4ga. Eftersom det ska sj\u00e4lvl\u00e4ka, s\u00e5 bygger det snarare p\u00e5 lite tur och hur bra l\u00e4kk\u00f6tt jag har, s\u00e4ger han till tidningen.<\/p>\n","protected":false},"excerpt":{"rendered":"Daniel Eriksson, 33, missar inledningen av SHL-s\u00e4songen.Domaren var n\u00e4mligen med om en cykelolycka i augusti, och \u00e5drog sig&hellip;\n","protected":false},"author":2,"featured_media":21238,"comment_status":"","ping_status":"","sticky":false,"template":"","format":"standard","meta":{"footnotes":""},"categories":[68],"tags":[34,133,134,111,110,31,33,32,30],"class_list":{"0":"post-21237","1":"post","2":"type-post","3":"status-publish","4":"format-standard","5":"has-post-thumbnail","7":"category-sport","8":"tag-se","9":"tag-second-news","10":"tag-shl","11":"tag-sport","12":"tag-sports","13":"tag-svenska","14":"tag-sverige","15":"tag-sweden","16":"tag-swedish"},"share_on_mastodon":{"url":"","error":""},"_links":{"self":[{"href":"https:\/\/www.europesays.com\/se\/wp-json\/wp\/v2\/posts\/21237","targetHints":{"allow":["GET"]}}],"collection":[{"href":"https:\/\/www.europesays.com\/se\/wp-json\/wp\/v2\/posts"}],"about":[{"href":"https:\/\/www.europesays.com\/se\/wp-json\/wp\/v2\/types\/post"}],"author":[{"embeddable":true,"href":"https:\/\/www.europesays.com\/se\/wp-json\/wp\/v2\/users\/2"}],"replies":[{"embeddable":true,"href":"https:\/\/www.europesays.com\/se\/wp-json\/wp\/v2\/comments?post=21237"}],"version-history":[{"count":0,"href":"https:\/\/www.europesays.com\/se\/wp-json\/wp\/v2\/posts\/21237\/revisions"}],"wp:featuredmedia":[{"embeddable":true,"href":"https:\/\/www.europesays.com\/se\/wp-json\/wp\/v2\/media\/21238"}],"wp:attachment":[{"href":"https:\/\/www.europesays.com\/se\/wp-json\/wp\/v2\/media?parent=21237"}],"wp:term":[{"taxonomy":"category","embeddable":true,"href":"https:\/\/www.europesays.com\/se\/wp-json\/wp\/v2\/categories?post=21237"},{"taxonomy":"post_tag","embeddable":true,"href":"https:\/\/www.europesays.com\/se\/wp-json\/wp\/v2\/tags?post=21237"}],"curies":[{"name":"wp","href":"https:\/\/api.w.org\/{rel}","templated":true}]}}