{"id":21251,"date":"2025-09-03T20:16:07","date_gmt":"2025-09-03T20:16:07","guid":{"rendered":"https:\/\/www.europesays.com\/se\/21251\/"},"modified":"2025-09-03T20:16:07","modified_gmt":"2025-09-03T20:16:07","slug":"kritiken-efter-kaosetfar-skylla-sig-sjalv-trav","status":"publish","type":"post","link":"https:\/\/www.europesays.com\/se\/21251\/","title":{"rendered":"Kritiken efter kaoset:\n\u201dF\u00e5r skylla sig sj\u00e4lv\u201d | Trav"},"content":{"rendered":"<p>Publicerad 3 sep 2025 kl 21.10Uppdaterad kl 21.26<\/p>\n<p>Favoriten Tutankhaton tvingade fram en omstart i V86-inledningen.<\/p>\n<p>Det v\u00e4ckte kritik i Kanal 75-studion.<\/p>\n<p>Nu kan regeln \u00e4ndras, meddelar domarchefen Erik Adielsson.<\/p>\n<p>\u201dDet jobbas p\u00e5 det\u201d, s\u00e4ger han i ett uttalande.<\/p>\n<p><img   alt=\"\"\/><\/p>\n<p>Micke Nybrink och Sandra M\u00e5rtensson.<\/p>\n<p>Foto: Kanal 75.<\/p>\n<p>\u00d6ppna bild i helsk\u00e4rm<img loading=\"lazy\"   alt=\"\"\/><\/p>\n<p>Favoriten Tutankhaton bet av sin k\u00e4krem i V86-1.<\/p>\n<p>Foto: Kanal 75.<\/p>\n<p>\u00d6ppna bild i helsk\u00e4rm<\/p>\n<p><a href=\"https:\/\/www.expressen.se\/tagg\/organization\/v86\/\" class=\"\" rel=\"nofollow noopener\" target=\"_blank\">V86<\/a> hann inte ens b\u00f6rja innan det b\u00f6rjade bli rej\u00e4lt nerv\u00f6st f\u00f6r flera spelare.<\/p>\n<p>Redan inf\u00f6r f\u00f6rsta loppet betedde sig favoriten Tutankhaton nerv\u00f6st och tvingade sedan fram en omstart precis bakom bilen efter att ha bitit av sin k\u00e4krem.<\/p>\n<p>Experterna i Kanal 75-studion var kritiska mot beslutet.<\/p>\n<p>\u2013 S\u00e5 h\u00e4r kort inp\u00e5 start, s\u00e5 l\u00e4nge det inte \u00e4r en s\u00e4kerhetsrisk, s\u00e5 beh\u00f6ver det inte vara en omstart. Blir det bara strul med utrustningen s\u00e5 tycker inte jag att de \u00f6vriga ekipagen ska drabbas av det, s\u00e4ger Sandra M\u00e5rtensson i s\u00e4ndningen.<\/p>\n<p>Expertkollegan Micke Nybrink h\u00f6ll med.<\/p>\n<p>\u2013 I andra sporter om det h\u00e4nder n\u00e5got som inte \u00e4r farligt, d\u00e5 stannar de inte av ett lopp eller en match om det inte \u00e4r n\u00e5got som kan st\u00e4lla till det f\u00f6r andra. D\u00e5 f\u00e5r man skylla sig sj\u00e4lv helt enkelt, s\u00e4ger han.<\/p>\n<p>Domarchefens svar<\/p>\n<p>Efter omstarten galopperade Tutankhaton direkt. Ist\u00e4llet vann andrahansfavoriten Tiberius loppet.<\/p>\n<p>Domarchefen Erik Adielsson meddelade sedan till Kanal 75 att de tittar \u00f6ver regelverket.<\/p>\n<p>\u201dMan arbetar f\u00f6r att standardisera det h\u00e4r med materialfel. Vad \u00e4r det egentligen? Det m\u00e5ste bli tydligare. Det p\u00e5g\u00e5r en dialog kring det, men man har inte kommit fram till n\u00e5got fullt ut vad g\u00e4ller reglementet. Det jobbas p\u00e5 det\u201d, s\u00e4ger han i ett uttalande.<\/p>\n","protected":false},"excerpt":{"rendered":"Publicerad 3 sep 2025 kl 21.10Uppdaterad kl 21.26 Favoriten Tutankhaton tvingade fram en omstart i V86-inledningen. Det v\u00e4ckte&hellip;\n","protected":false},"author":2,"featured_media":21252,"comment_status":"","ping_status":"","sticky":false,"template":"","format":"standard","meta":{"footnotes":""},"categories":[68],"tags":[2576,2597,2598,34,1033,111,110,31,33,32,30],"class_list":{"0":"post-21251","1":"post","2":"type-post","3":"status-publish","4":"format-standard","5":"has-post-thumbnail","7":"category-sport","8":"tag-organization-travsport","9":"tag-organization-v86","10":"tag-organization-v86-tips","11":"tag-se","12":"tag-sections-trav","13":"tag-sport","14":"tag-sports","15":"tag-svenska","16":"tag-sverige","17":"tag-sweden","18":"tag-swedish"},"share_on_mastodon":{"url":"","error":""},"_links":{"self":[{"href":"https:\/\/www.europesays.com\/se\/wp-json\/wp\/v2\/posts\/21251","targetHints":{"allow":["GET"]}}],"collection":[{"href":"https:\/\/www.europesays.com\/se\/wp-json\/wp\/v2\/posts"}],"about":[{"href":"https:\/\/www.europesays.com\/se\/wp-json\/wp\/v2\/types\/post"}],"author":[{"embeddable":true,"href":"https:\/\/www.europesays.com\/se\/wp-json\/wp\/v2\/users\/2"}],"replies":[{"embeddable":true,"href":"https:\/\/www.europesays.com\/se\/wp-json\/wp\/v2\/comments?post=21251"}],"version-history":[{"count":0,"href":"https:\/\/www.europesays.com\/se\/wp-json\/wp\/v2\/posts\/21251\/revisions"}],"wp:featuredmedia":[{"embeddable":true,"href":"https:\/\/www.europesays.com\/se\/wp-json\/wp\/v2\/media\/21252"}],"wp:attachment":[{"href":"https:\/\/www.europesays.com\/se\/wp-json\/wp\/v2\/media?parent=21251"}],"wp:term":[{"taxonomy":"category","embeddable":true,"href":"https:\/\/www.europesays.com\/se\/wp-json\/wp\/v2\/categories?post=21251"},{"taxonomy":"post_tag","embeddable":true,"href":"https:\/\/www.europesays.com\/se\/wp-json\/wp\/v2\/tags?post=21251"}],"curies":[{"name":"wp","href":"https:\/\/api.w.org\/{rel}","templated":true}]}}