{"id":21281,"date":"2025-09-03T21:11:09","date_gmt":"2025-09-03T21:11:09","guid":{"rendered":"https:\/\/www.europesays.com\/se\/21281\/"},"modified":"2025-09-03T21:11:09","modified_gmt":"2025-09-03T21:11:09","slug":"tidigare-ssk-forwarden-ludvig-blomstrand-sankte-sodertalje","status":"publish","type":"post","link":"https:\/\/www.europesays.com\/se\/21281\/","title":{"rendered":"Tidigare SSK-forwarden Ludvig Blomstrand s\u00e4nkte S\u00f6dert\u00e4lje"},"content":{"rendered":"<p><strong>I Anders Gr\u00f6nlunds debut f\u00f6r AIK blev det on\u00f6digt sp\u00e4nnande \u2013 och m\u00e4ngder med m\u00e5l.<br \/>Det var den tidigare SSK-forwarden Ludvig Blomstrand som stod f\u00f6r tre m\u00e5l mot S\u00f6dert\u00e4lje p\u00e5 onsdagen i AIK:s 5\u20134-seger. <\/strong><\/p>\n<p><img loading=\"lazy\" decoding=\"async\" width=\"1024\" height=\"658\" src=\"https:\/\/www.europesays.com\/se\/wp-content\/uploads\/2025\/09\/Nytt-projekt-11-2-1024x658.webp.webp\" alt=\"\" class=\"wp-image-301268\"  \/>Ludvig Blomstrand i SSK-tr\u00f6jan mot AIK 2020.<br \/>Foto: Bildbyr\u00e5n<\/p>\n<p><a href=\"https:\/\/hockeysverige.se\/spelare\/ludwig-blomstrand\/\" rel=\"nofollow noopener\" target=\"_blank\">Ludvig Blomstrand<\/a>, 32, \u00e4r en erk\u00e4nt stor po\u00e4ngplockare i <a href=\"https:\/\/hockeysverige.se\/hockeyallsvenskan\" rel=\"nofollow noopener\" target=\"_blank\">Hockeyallsvenskan<\/a>. Under sina nio s\u00e4songer i Hockeyallsvenskan har han gjort 212 po\u00e4ng p\u00e5 321 matcher.<\/p>\n<p>Efter att ha gjort fyra och ett halvt \u00e5r i <a href=\"https:\/\/hockeysverige.se\/klubb\/sodertalje-sk\" rel=\"nofollow noopener\" target=\"_blank\">S\u00f6dert\u00e4lje<\/a> under tv\u00e5 olika sejourer bytte han inf\u00f6r f\u00f6rra s\u00e4songen till <a href=\"https:\/\/hockeysverige.se\/klubb\/nybro-vikings-if\" rel=\"nofollow noopener\" target=\"_blank\">Nybro Vikings<\/a>. D\u00e4r blev det 31 po\u00e4ng p\u00e5 39 matcher. Men i \u00e5r blev det i st\u00e4llet en flytt till <a href=\"https:\/\/hockeysverige.se\/klubb\/aik-hockey\" rel=\"nofollow noopener\" target=\"_blank\">AIK<\/a>.<\/p>\n<p>AIK-seger efter avg\u00f6rande m\u00e5l i f\u00f6rl\u00e4ngningen<\/p>\n<p>Mot S\u00f6dert\u00e4lje gjorde han hela tre m\u00e5l n\u00e4r AIK f\u00f6rst snodde \u00e5t sig en stor 4\u20131 ledning. Av de fyra f\u00f6rsta m\u00e5len stod han f\u00f6r tre och Daniel Ljungman f\u00f6r ett. Det skulle dock efterf\u00f6ljas av en rej\u00e4l kollaps fr\u00e5n AIK. De tvingades till f\u00f6rl\u00e4ngning efter att SSK h\u00e4mtat upp och kvitterat till 4\u20134.<\/p>\n<p>D\u00e4r lyckades Daniel Ljungman till slut avg\u00f6ra med sista m\u00e5let och slutresultatet i 5\u20134 till AIK.<\/p>\n<p>Matchen var f\u00f6r\u00f6vrigt speciell av den anledningen att den tidigare svenska m\u00e4staren Anders Gr\u00f6nlund debuterade f\u00f6r AIK.<\/p>\n","protected":false},"excerpt":{"rendered":"I Anders Gr\u00f6nlunds debut f\u00f6r AIK blev det on\u00f6digt sp\u00e4nnande \u2013 och m\u00e4ngder med m\u00e5l.Det var den tidigare&hellip;\n","protected":false},"author":2,"featured_media":21282,"comment_status":"","ping_status":"","sticky":false,"template":"","format":"standard","meta":{"footnotes":""},"categories":[68],"tags":[621,34,133,111,110,31,33,32,30],"class_list":{"0":"post-21281","1":"post","2":"type-post","3":"status-publish","4":"format-standard","5":"has-post-thumbnail","7":"category-sport","8":"tag-hockeyallsvenskan","9":"tag-se","10":"tag-second-news","11":"tag-sport","12":"tag-sports","13":"tag-svenska","14":"tag-sverige","15":"tag-sweden","16":"tag-swedish"},"share_on_mastodon":{"url":"","error":""},"_links":{"self":[{"href":"https:\/\/www.europesays.com\/se\/wp-json\/wp\/v2\/posts\/21281","targetHints":{"allow":["GET"]}}],"collection":[{"href":"https:\/\/www.europesays.com\/se\/wp-json\/wp\/v2\/posts"}],"about":[{"href":"https:\/\/www.europesays.com\/se\/wp-json\/wp\/v2\/types\/post"}],"author":[{"embeddable":true,"href":"https:\/\/www.europesays.com\/se\/wp-json\/wp\/v2\/users\/2"}],"replies":[{"embeddable":true,"href":"https:\/\/www.europesays.com\/se\/wp-json\/wp\/v2\/comments?post=21281"}],"version-history":[{"count":0,"href":"https:\/\/www.europesays.com\/se\/wp-json\/wp\/v2\/posts\/21281\/revisions"}],"wp:featuredmedia":[{"embeddable":true,"href":"https:\/\/www.europesays.com\/se\/wp-json\/wp\/v2\/media\/21282"}],"wp:attachment":[{"href":"https:\/\/www.europesays.com\/se\/wp-json\/wp\/v2\/media?parent=21281"}],"wp:term":[{"taxonomy":"category","embeddable":true,"href":"https:\/\/www.europesays.com\/se\/wp-json\/wp\/v2\/categories?post=21281"},{"taxonomy":"post_tag","embeddable":true,"href":"https:\/\/www.europesays.com\/se\/wp-json\/wp\/v2\/tags?post=21281"}],"curies":[{"name":"wp","href":"https:\/\/api.w.org\/{rel}","templated":true}]}}