{"id":21354,"date":"2025-09-04T00:33:07","date_gmt":"2025-09-04T00:33:07","guid":{"rendered":"https:\/\/www.europesays.com\/se\/21354\/"},"modified":"2025-09-04T00:33:07","modified_gmt":"2025-09-04T00:33:07","slug":"julian-11-mordad-efter-oskyldigt-spratt","status":"publish","type":"post","link":"https:\/\/www.europesays.com\/se\/21354\/","title":{"rendered":"Julian, 11, m\u00f6rdad \u2013 efter oskyldigt spratt"},"content":{"rendered":"<p>Publicerad 3 sep 2025 kl 23.03<\/p>\n<p>Elva\u00e5rige Julian Guzman genomf\u00f6rde ett spratt mot en hus\u00e4gare.<\/p>\n<p>Det ledde till att elva\u00e5ringen blev ihj\u00e4lskjuten.<\/p>\n<p>Nu har mannen som sk\u00f6t Julian \u00e5talats f\u00f6r mord, skriver <a href=\"https:\/\/www.cbsnews.com\/news\/ding-dong-ditch-prank-shooting-houston-suspect-waiting-shadows\/\" rel=\"nofollow noopener\" target=\"_blank\">CBS News<\/a>.<\/p>\n<p>Senaste nyhetsklippen fr\u00e5n Expressen.<img   alt=\"\"\/><\/p>\n<p>Julian Guzman.<\/p>\n<p>Foto: DAVID J. PHILLIP \/ AP TT NYHETSBYR\u00c5N<\/p>\n<p>\u00d6ppna bild i helsk\u00e4rm<img loading=\"lazy\"   alt=\"\"\/><\/p>\n<p>Gonzalo Leon Jr.<\/p>\n<p>Foto: Houston Police Department<\/p>\n<p>\u00d6ppna bild i helsk\u00e4rm<\/p>\n<p>Under l\u00f6rdagskv\u00e4llen deltog elva\u00e5rige Julian Guzman i en familjesammankomst i Houston, <a href=\"https:\/\/www.expressen.se\/tagg\/location\/usa\/\" class=\"\" rel=\"nofollow noopener\" target=\"_blank\">USA<\/a>. N\u00e4r pojken blev uttr\u00e5kad best\u00e4mde han sig f\u00f6r att tillsammans med sin tio\u00e5riga kusin genomf\u00f6ra ett spratt mot Gonzalo Leon Jr, 42, som bodde ett kvarter d\u00e4rifr\u00e5n.<\/p>\n<p>De tv\u00e5 pojkarna knackade p\u00e5 Leons d\u00f6rr och sprang sedan d\u00e4rifr\u00e5n innan han hann \u00f6ppna. Kusinerna gjorde detta tre g\u00e5nger inom en kvart, enligt polisen.<\/p>\n<p>Efter tredje g\u00e5ngen l\u00e5g dock Leon \u201di bakh\u00e5ll\u201d f\u00f6r pojkarna, enligt polisen.<\/p>\n<p>\u2013 N\u00e5gon sprang ut fr\u00e5n huset och sk\u00f6t mot barnen som sprang nerf\u00f6r gatan, s\u00e4ger Michael Cass vid polisen.<\/p>\n<p>\u201dSkjuten i ryggen\u201d<\/p>\n<p>Guzman filmade h\u00e4ndelsen med sin mobil och p\u00e5 videon syns hur han knackar och springer. Sedan h\u00f6rs skott p\u00e5 inspelningen, f\u00f6ljt av att pojken kippar efter andan.<\/p>\n<p>\u2013 Sorgligt nog blev en av pojkarna, som var elva \u00e5r gammal, skjuten i ryggen, s\u00e4ger Michael Cass.<\/p>\n<p>Julian f\u00f6rdes till sjukhus d\u00e4r han avled dagen d\u00e4rp\u00e5.<\/p>\n<p>Pojkarna var \u201dinte hotfulla p\u00e5 n\u00e5got s\u00e4tt\u201d enligt Cass och nu har Gonzalo Leon Jr \u00e5talats f\u00f6r mord.<\/p>\n","protected":false},"excerpt":{"rendered":"Publicerad 3 sep 2025 kl 23.03 Elva\u00e5rige Julian Guzman genomf\u00f6rde ett spratt mot en hus\u00e4gare. Det ledde till&hellip;\n","protected":false},"author":2,"featured_media":21355,"comment_status":"","ping_status":"","sticky":false,"template":"","format":"standard","meta":{"footnotes":""},"categories":[68],"tags":[45,34,55,111,110,31,33,32,30],"class_list":{"0":"post-21354","1":"post","2":"type-post","3":"status-publish","4":"format-standard","5":"has-post-thumbnail","7":"category-sport","8":"tag-location-usa","9":"tag-se","10":"tag-sections-varlden","11":"tag-sport","12":"tag-sports","13":"tag-svenska","14":"tag-sverige","15":"tag-sweden","16":"tag-swedish"},"share_on_mastodon":{"url":"","error":""},"_links":{"self":[{"href":"https:\/\/www.europesays.com\/se\/wp-json\/wp\/v2\/posts\/21354","targetHints":{"allow":["GET"]}}],"collection":[{"href":"https:\/\/www.europesays.com\/se\/wp-json\/wp\/v2\/posts"}],"about":[{"href":"https:\/\/www.europesays.com\/se\/wp-json\/wp\/v2\/types\/post"}],"author":[{"embeddable":true,"href":"https:\/\/www.europesays.com\/se\/wp-json\/wp\/v2\/users\/2"}],"replies":[{"embeddable":true,"href":"https:\/\/www.europesays.com\/se\/wp-json\/wp\/v2\/comments?post=21354"}],"version-history":[{"count":0,"href":"https:\/\/www.europesays.com\/se\/wp-json\/wp\/v2\/posts\/21354\/revisions"}],"wp:featuredmedia":[{"embeddable":true,"href":"https:\/\/www.europesays.com\/se\/wp-json\/wp\/v2\/media\/21355"}],"wp:attachment":[{"href":"https:\/\/www.europesays.com\/se\/wp-json\/wp\/v2\/media?parent=21354"}],"wp:term":[{"taxonomy":"category","embeddable":true,"href":"https:\/\/www.europesays.com\/se\/wp-json\/wp\/v2\/categories?post=21354"},{"taxonomy":"post_tag","embeddable":true,"href":"https:\/\/www.europesays.com\/se\/wp-json\/wp\/v2\/tags?post=21354"}],"curies":[{"name":"wp","href":"https:\/\/api.w.org\/{rel}","templated":true}]}}