{"id":21367,"date":"2025-09-04T01:06:08","date_gmt":"2025-09-04T01:06:08","guid":{"rendered":"https:\/\/www.europesays.com\/se\/21367\/"},"modified":"2025-09-04T01:06:08","modified_gmt":"2025-09-04T01:06:08","slug":"betalade-675-000-kronor-for-att-slippa-fult-barn","status":"publish","type":"post","link":"https:\/\/www.europesays.com\/se\/21367\/","title":{"rendered":"Betalade 675 000 kronor f\u00f6r att slippa \u201dfult\u201d barn"},"content":{"rendered":"<p>Publicerad 4 sep 2025 kl 02.20<\/p>\n<p>F\u00f6rst blev m\u00e5ngmiljon\u00e4ren Barrie Drewitt-Barlow k\u00e4r i sin dotters ex-pojkv\u00e4n.<\/p>\n<p>Sedan betalade han hundratusentals kronor f\u00f6r att f\u00f6rs\u00f6ka undvika att deras barn skulle bli \u201dfult\u201d, skriver <a href=\"https:\/\/www.mirror.co.uk\/news\/uk-news\/i-fell-daughters-ex-boyfriend-35840612\" rel=\"nofollow noopener\" target=\"_blank\">Mirror<\/a>.<\/p>\n<p>\u2013 Vad vill du att jag ska s\u00e4ga, att vi beh\u00f6ver fula barn ocks\u00e5? F\u00f6rl\u00e5t, jag kan bara inte ljuga, s\u00e4ger Drewitt-Barlow.<\/p>\n<p>Senaste nyhetsklippen fr\u00e5n Expressen.<img   alt=\"\"\/><\/p>\n<p>Barrie Drewitt-Barlow.<\/p>\n<p>Foto: Instagram<\/p>\n<p>\u00d6ppna bild i helsk\u00e4rm<img loading=\"lazy\"   alt=\"\"\/><\/p>\n<p>Saffron Drewitt-Barlow.<\/p>\n<p>Foto: Facebook<\/p>\n<p>\u00d6ppna bild i helsk\u00e4rm<\/p>\n<p>Brittiske m\u00e5ngmiljon\u00e4ren Barrie Drewitt-Barlow, som varit med i tv-program som \u201dRich House Poor House\u201d och \u201dBelow Deck\u201d, har flera g\u00e5nger skapat rubriker.<\/p>\n<p>Han blev internationellt k\u00e4nd 1999 n\u00e4r han tillsammans med sin d\u00e5varande partner blev det f\u00f6rsta samk\u00f6nade paret i Storbritannien att bli f\u00f6r\u00e4ldrar genom surrogatm\u00f6draskap.\u00a0<\/p>\n<p>F\u00f6r n\u00e5gra \u00e5r sedan lyfte m\u00e5nga p\u00e5 \u00f6gonbrynen n\u00e4r parets dotter Saffron, som d\u00e5 var 18 \u00e5r, ber\u00e4ttade att Drewitt-Barlow och partnern gav henne 55 000 kronor i m\u00e5nadspeng.<\/p>\n<p>\u2013 De har alltid varit gener\u00f6sa och sk\u00e4mt bort mig och mina br\u00f6der, sade Saffron Drewitt-Barlow till brittiska Metro.<\/p>\n<p>Nu v\u00e4cker Barrie Drewitt-Barlow uppm\u00e4rksamhet igen.<\/p>\n<p>\u201dJag \u00e4r helt \u00e4rlig med det\u201d<\/p>\n<p>Efter att relationen med partnern tog slut blev 54-\u00e5ringen tillsammans med dottern Saffrons ex-pojkv\u00e4n Scott, 31. Sedan betalade han en kvinnlig modell i Miami 675 000 kronor f\u00f6r att vara \u00e4ggdonator s\u00e5 paret skulle kunna skaffa barn.<\/p>\n<p>Tillfr\u00e5gad om varf\u00f6r paret valde modellen som \u00e4ggdonator svarade Drewitt-Barlow:<\/p>\n<p>\u2013 Det var utseendet, helt och h\u00e5llet. Jag \u00e4r helt \u00e4rlig med det, varf\u00f6r skulle jag inte vara det? N\u00e4r jag s\u00e5g henne p\u00e5 catwalken tittade jag p\u00e5 Scott och sade \u201dherregud, hon \u00e4r fantastisk\u201d, s\u00e4ger Drewitt-Barlow.<\/p>\n<p>N\u00e4r Drewitt-Barlow ber\u00e4ttade att paret har \u201dhundratals s\u00e5dana modeller i v\u00e5ra register just nu\u201d fr\u00e5gade programledaren om det \u00e4r \u00e4r \u201den farlig v\u00e4g att sl\u00e5 in p\u00e5 om vi b\u00f6rjar s\u00e4ga \u2019vi vill bara ha vackra barn\u2019\u201d. D\u00e5 svarade Drewitt-Barlow:<\/p>\n<p>\u2013 Nej. Vad vill du att jag ska s\u00e4ga, att vi beh\u00f6ver fula barn ocks\u00e5? F\u00f6rl\u00e5t, jag kan bara inte ljuga.<\/p>\n","protected":false},"excerpt":{"rendered":"Publicerad 4 sep 2025 kl 02.20 F\u00f6rst blev m\u00e5ngmiljon\u00e4ren Barrie Drewitt-Barlow k\u00e4r i sin dotters ex-pojkv\u00e4n. Sedan betalade&hellip;\n","protected":false},"author":2,"featured_media":21368,"comment_status":"","ping_status":"","sticky":false,"template":"","format":"standard","meta":{"footnotes":""},"categories":[67],"tags":[104,1373,34,55,31,33,32,30,534,105],"class_list":{"0":"post-21367","1":"post","2":"type-post","3":"status-publish","4":"format-standard","5":"has-post-thumbnail","7":"category-underhallning","8":"tag-entertainment","9":"tag-location-england","10":"tag-se","11":"tag-sections-varlden","12":"tag-svenska","13":"tag-sverige","14":"tag-sweden","15":"tag-swedish","16":"tag-topic-foraldraskap","17":"tag-underhallning"},"share_on_mastodon":{"url":"","error":""},"_links":{"self":[{"href":"https:\/\/www.europesays.com\/se\/wp-json\/wp\/v2\/posts\/21367","targetHints":{"allow":["GET"]}}],"collection":[{"href":"https:\/\/www.europesays.com\/se\/wp-json\/wp\/v2\/posts"}],"about":[{"href":"https:\/\/www.europesays.com\/se\/wp-json\/wp\/v2\/types\/post"}],"author":[{"embeddable":true,"href":"https:\/\/www.europesays.com\/se\/wp-json\/wp\/v2\/users\/2"}],"replies":[{"embeddable":true,"href":"https:\/\/www.europesays.com\/se\/wp-json\/wp\/v2\/comments?post=21367"}],"version-history":[{"count":0,"href":"https:\/\/www.europesays.com\/se\/wp-json\/wp\/v2\/posts\/21367\/revisions"}],"wp:featuredmedia":[{"embeddable":true,"href":"https:\/\/www.europesays.com\/se\/wp-json\/wp\/v2\/media\/21368"}],"wp:attachment":[{"href":"https:\/\/www.europesays.com\/se\/wp-json\/wp\/v2\/media?parent=21367"}],"wp:term":[{"taxonomy":"category","embeddable":true,"href":"https:\/\/www.europesays.com\/se\/wp-json\/wp\/v2\/categories?post=21367"},{"taxonomy":"post_tag","embeddable":true,"href":"https:\/\/www.europesays.com\/se\/wp-json\/wp\/v2\/tags?post=21367"}],"curies":[{"name":"wp","href":"https:\/\/api.w.org\/{rel}","templated":true}]}}