{"id":21440,"date":"2025-09-04T04:30:12","date_gmt":"2025-09-04T04:30:12","guid":{"rendered":"https:\/\/www.europesays.com\/se\/21440\/"},"modified":"2025-09-04T04:30:12","modified_gmt":"2025-09-04T04:30:12","slug":"nej-leif-gw-persson-ger-inte-tips-pa-facebook","status":"publish","type":"post","link":"https:\/\/www.europesays.com\/se\/21440\/","title":{"rendered":"Nej, Leif GW Persson ger inte tips p\u00e5 Facebook"},"content":{"rendered":"<p>Karin Pihl<\/p>\n<p>Publicerad 4 sep 2025 kl 05.00<\/p>\n<p>Inl\u00e4ggen lockar med l\u00f6ften om snabba klipp. Sedan blir m\u00e4nniskor av med sina besparingar. Bedr\u00e4gerierna m\u00e5ste stoppas.<\/p>\n<p><img   alt=\"\"\/><\/p>\n<p>Facebook tar inte bort annonserna, trots kritik.<\/p>\n<p>Foto: Kallestad, Gorm \/ TT NYHETSBYR\u00c5N<\/p>\n<p>\u00d6ppna bild i helsk\u00e4rm<img loading=\"lazy\"   alt=\"\"\/><\/p>\n<p>Leif GW Persson \u00e4r en av k\u00e4ndisarna vars namn och bild utnyttjas av bedragarna.<\/p>\n<p>Foto: OLLE SPORRONG<\/p>\n<p>\u00d6ppna bild i helsk\u00e4rm<img loading=\"lazy\"   alt=\"\"\/><\/p>\n<p>Jacob Wallenberg, styrelseordf\u00f6rande f\u00f6r Investor, ger inte tips p\u00e5 snabba klipp.<\/p>\n<p>Foto: JESSICA GOW\/TT \/ TT NYHETSBYR\u00c5N<\/p>\n<p>\u00d6ppna bild i helsk\u00e4rm<\/p>\n<p>Detta \u00e4r en kr\u00f6nika fr\u00e5n Expressens ledarredaktion. Expressens politiska h\u00e5llning \u00e4r liberal.<\/p>\n<p><img   alt=\"\"\/>Karin Pihl<\/p>\n<p>Ungef\u00e4r s\u00e5 h\u00e4r kan det se ut: En fejkad artikel med en lockande rubrik, ibland fr\u00e5n en klonad nyhetssajt. Texten ber\u00e4ttar om rafflande m\u00f6jligheter att tj\u00e4na pengar. Aktuellt pris per aktie: n\u00e4stan ingenting. F\u00f6rv\u00e4ntad tillv\u00e4xt de kommande tre m\u00e5naderna: 127 procent.<\/p>\n<p>G\u00f6r som tusentals andra svenskar! Investera nu!<\/p>\n<p>Annonserna l\u00e4ggs ut p\u00e5 Facebook och Instagram. Men det \u00e4r fejk alltihop. G\u00fcnther M\u00e5rder, Claes Malmberg, Jacob Wallenberg och Erik Thed\u00e9en \u2013 n\u00e5gra av de <a href=\"https:\/\/www.svd.se\/a\/pPzxRR\/jacob-wallenberg-och-fredrik-lundberg-agerar-efter-aktiebedragerier-pa-facebook\" rel=\"nofollow noopener\" target=\"_blank\">profiler<\/a> som ofrivilligt l\u00e5nat ut sina identiteter \u2013 rekommenderar inte att investera i aktier som lovar snabba klipp.<\/p>\n<p><strong>I st\u00e4llet \u00e4r det skurkbolag som skapar annonser, med k\u00e4nda ansikten f\u00f6r att ge legitimitet. Uppl\u00e4gget \u00e4r snillrikt. Aktiekursen stiger f\u00f6rst rakt upp\u00e5t. Sedan kommer kraschen. Bedragarna kan plocka ut stora vinster p\u00e5 toppen och l\u00e4mnar offren kvar med ingenting alls.<\/strong><\/p>\n<p>Vissa av dem blir av med sina livsbesparingar. En av dem, Joachim Fisch i J\u00e4mtland, beskriver upplevelsen som en mental v\u00e5ldt\u00e4kt. F\u00f6r SVT <a href=\"https:\/\/www.svt.se\/nyheter\/lokalt\/jamtland\/joachim-fran-jamtland-forlorade-miljoner-genom-bedrageri-blev-mentalt-valdtagen\" rel=\"nofollow noopener\" target=\"_blank\">ber\u00e4ttar<\/a> han att han s\u00e5g en annons p\u00e5 Facebook som s\u00e5g trov\u00e4rdig ut. <a href=\"https:\/\/www.expressen.se\/tagg\/person\/leif-gw-persson\/\" class=\"\" rel=\"nofollow noopener\" target=\"_blank\">Leif GW Perssons<\/a> bild anv\u00e4ndes. Det var en bluff. I dag lever han skuldsatt p\u00e5 existensminimum.<\/p>\n<p>Han \u00e4r inte ensam. Telefonbedr\u00e4gerier mot \u00e4ldre \u00e4r, med r\u00e4tta, ett uppm\u00e4rksammat problem. Finansbedr\u00e4gerier, d\u00e4r det typiska <a href=\"https:\/\/www.svt.se\/nyheter\/granskning\/ug\/obs-embargo-630-sa-bygger-bedragarna-ett-imperium-register-med-svenska-offer-lackt\" rel=\"nofollow noopener\" target=\"_blank\">offret<\/a> \u00e4r en man i 35-\u00e5rs\u00e5ldern, har hamnat i skymundan, trots att brottstypen v\u00e4xer. P\u00e5 fem \u00e5r har investeringsbedr\u00e4gerierna f\u00f6rdubblats \u2013 b\u00e5de i summor brottsvinsterna genererar och i antal drabbade.<\/p>\n<p>Den enda smala lyckan, om man nu f\u00e5r s\u00e4ga s\u00e5, \u00e4r att Mark Zuckerberg sj\u00e4lv utnyttjats i bedr\u00e4gerikampanjer p\u00e5 Facebook. F\u00f6r han \u2013 vd f\u00f6r Meta, som \u00e4ger Facebook, Instagram och Whatsapp \u2013 verkar inte bry sig ett jota.<\/p>\n<blockquote><p>Den enda smala lyckan, om man nu f\u00e5r s\u00e4ga s\u00e5, \u00e4r att Mark Zuckerberg sj\u00e4lv utnyttjats i bedr\u00e4gerikampanjer p\u00e5 Facebook.<\/p><\/blockquote>\n<p>G\u00e5ng p\u00e5 g\u00e5ng har myndigheter och k\u00e4ndisar p\u00e5talat att Meta l\u00e5ter bluffannonser ligga kvar. Svaret fr\u00e5n f\u00f6retaget har varit att de jobbar p\u00e5 det. Det \u00e4r n\u00e5gonting med tekniska sv\u00e5righeter.<\/p>\n<p><strong>Samtidigt i Silicon Valley: Mark Zuckerberg presenterar planerna p\u00e5 en superduperintelligent AI som alla m\u00e4nniskor ska ha i sina glas\u00f6gon. Hundratals miljarder dollar pl\u00f6js ner i projektet.<\/strong><\/p>\n<p>Men f\u00f6retaget kan inte ta ner en fejkannons med Leif GW f\u00f6r att tekniken inte finns. Jomen visst.<\/p>\n<p>Det \u00e4r n\u00e4stan s\u00e5 att man misst\u00e4nker att of\u00f6rm\u00e5gan snarare handlar om ovilja, eftersom bluffannonserna genererar stora summor pengar till Meta. I v\u00e5ras avsl\u00f6jade Uppdrag granskning att ett typiskt bedragarn\u00e4tverk l\u00e4gger 13 miljoner kronor i m\u00e5naden p\u00e5 annonser. F\u00f6r sociala medieplattformar \u00e4r det just annonser som drar in pengar, eftersom tj\u00e4nsterna \u00e4r gratis f\u00f6r anv\u00e4ndarna.<\/p>\n<p>S\u00e5 kan det inte f\u00e5 fortg\u00e5. Jacob Wallenberg och G\u00fcnther M\u00e5rder ska inte ensamma beh\u00f6va jaga ett Meta som aldrig svarar p\u00e5 mejl.<\/p>\n<p><strong>Det handlar om internationella brottsn\u00e4tverk. Svenska Finansinspektionen kommer inte att ensamt kunna stoppa bedragarna. Ansvaret m\u00e5ste l\u00e4ggas p\u00e5 EU, som f\u00f6rvisso har tjatat p\u00e5 Meta, men utan resultat.<\/strong><\/p>\n<p>Hota med miljardb\u00f6ter. Det \u00e4r det enda som funkar. EU m\u00e5ste ta i med h\u00e5rdhandskarna och vara lika envisa mot Meta som bedragarna \u00e4r mot de stackare som blir bestulna.<\/p>\n<p><strong>L\u00c4S MER: <\/strong><a href=\"https:\/\/www.expressen.se\/ledare\/kristerssons-chattande-ar--inte-det-stora-problemet\/\" class=\"\" rel=\"nofollow noopener\" target=\"_blank\">Kristerssons chattande \u00e4r  inte det stora problemet<\/a><a href=\"https:\/\/www.expressen.se\/nyhetsbrev\/\" title=\"Anm\u00e4l dig till ledarbrevet\" rel=\"nofollow noopener\" target=\"_blank\"><br \/>\n  <img decoding=\"async\" style=\"max-width:100%;display:block;\" src=\"https:\/\/www.europesays.com\/se\/wp-content\/uploads\/2025\/08\/640@60.jpg\"\/><br \/>\n<\/a><\/p>\n","protected":false},"excerpt":{"rendered":"Karin Pihl Publicerad 4 sep 2025 kl 05.00 Inl\u00e4ggen lockar med l\u00f6ften om snabba klipp. Sedan blir m\u00e4nniskor&hellip;\n","protected":false},"author":2,"featured_media":21441,"comment_status":"","ping_status":"","sticky":false,"template":"","format":"standard","meta":{"footnotes":""},"categories":[67],"tags":[104,760,2612,2611,1734,34,2610,31,33,32,30,310,2057,966,105],"class_list":{"0":"post-21440","1":"post","2":"type-post","3":"status-publish","4":"format-standard","5":"has-post-thumbnail","7":"category-underhallning","8":"tag-entertainment","9":"tag-organization-facebook","10":"tag-organization-finansinspektionen","11":"tag-person-jacob-wallenberg","12":"tag-person-leif-gw-persson","13":"tag-se","14":"tag-sections-karinpihl","15":"tag-svenska","16":"tag-sverige","17":"tag-sweden","18":"tag-swedish","19":"tag-topic-kandisar","20":"tag-topic-kriminalpolitik","21":"tag-topic-sociala-medier","22":"tag-underhallning"},"share_on_mastodon":{"url":"","error":""},"_links":{"self":[{"href":"https:\/\/www.europesays.com\/se\/wp-json\/wp\/v2\/posts\/21440","targetHints":{"allow":["GET"]}}],"collection":[{"href":"https:\/\/www.europesays.com\/se\/wp-json\/wp\/v2\/posts"}],"about":[{"href":"https:\/\/www.europesays.com\/se\/wp-json\/wp\/v2\/types\/post"}],"author":[{"embeddable":true,"href":"https:\/\/www.europesays.com\/se\/wp-json\/wp\/v2\/users\/2"}],"replies":[{"embeddable":true,"href":"https:\/\/www.europesays.com\/se\/wp-json\/wp\/v2\/comments?post=21440"}],"version-history":[{"count":0,"href":"https:\/\/www.europesays.com\/se\/wp-json\/wp\/v2\/posts\/21440\/revisions"}],"wp:featuredmedia":[{"embeddable":true,"href":"https:\/\/www.europesays.com\/se\/wp-json\/wp\/v2\/media\/21441"}],"wp:attachment":[{"href":"https:\/\/www.europesays.com\/se\/wp-json\/wp\/v2\/media?parent=21440"}],"wp:term":[{"taxonomy":"category","embeddable":true,"href":"https:\/\/www.europesays.com\/se\/wp-json\/wp\/v2\/categories?post=21440"},{"taxonomy":"post_tag","embeddable":true,"href":"https:\/\/www.europesays.com\/se\/wp-json\/wp\/v2\/tags?post=21440"}],"curies":[{"name":"wp","href":"https:\/\/api.w.org\/{rel}","templated":true}]}}