{"id":21451,"date":"2025-09-04T04:44:46","date_gmt":"2025-09-04T04:44:46","guid":{"rendered":"https:\/\/www.europesays.com\/se\/21451\/"},"modified":"2025-09-04T04:44:46","modified_gmt":"2025-09-04T04:44:46","slug":"strommer-om-dubbelmordet-ett-forfarligt-valdsdad","status":"publish","type":"post","link":"https:\/\/www.europesays.com\/se\/21451\/","title":{"rendered":"Str\u00f6mmer om dubbelmordet: \u201dEtt f\u00f6rf\u00e4rligt v\u00e5ldsd\u00e5d\u201d"},"content":{"rendered":"<p>Gunnar Str\u00f6mmer (M) kallar dubbelmordet i G\u00f6teborg, som intr\u00e4ffade under tisdagskv\u00e4llen, f\u00f6r \u201dett f\u00f6rf\u00e4rligt v\u00e5ldsd\u00e5d\u201d, uppger han f\u00f6r GP.<\/p>\n<p>\u2013 Det h\u00e4r \u00e4r ett v\u00e5ld som inget anst\u00e4ndigt samh\u00e4lle kan acceptera. Mycket mer beh\u00f6ver g\u00f6ras, och regeringen t\u00e4nker inte sl\u00e5 av p\u00e5 takten, s\u00e4ger justitieministern till tidningen.<\/p>\n<p>\u00c4ven Socialdemokraternas r\u00e4ttspolitiska talesperson Teresa Carvalho kommenterar d\u00e5det, som hon kallar \u201dfruktansv\u00e4rda nyheter\u201d.<\/p>\n<p>\u201dV\u00e5ldet drabbar allt fler \u2013 vi kan aldrig acceptera detta. Mer m\u00e5ste g\u00f6ras f\u00f6r att stoppa skjutningarna och \u00f6ka tryggheten i v\u00e5rt samh\u00e4lle\u201d, skriver hon i ett mejl till Omni.<\/p>\n<p>Larmet inkom vid 17.38, d\u00e5 f\u00f6rbipasserande hittade tv\u00e5 d\u00f6da personer p\u00e5 en parkering till en matbutik, rapporterar Aftonbladet. <\/p>\n<p>Omni \u00e4r politiskt obundna och oberoende. Vi str\u00e4var efter att ge fler perspektiv p\u00e5 nyheterna. Har du fr\u00e5gor eller synpunkter kring v\u00e5r rapportering? <a href=\"https:\/\/omni.se\/strommer-om-dubbelmordet-ett-forfarligt-valdsdad\/a\/mailto:redaktion@omni.se\" class=\"ArticleActions_contactLink__W2F1M\" rel=\"nofollow noopener\" target=\"_blank\">Kontakta redaktionen<\/a><\/p>\n","protected":false},"excerpt":{"rendered":"Gunnar Str\u00f6mmer (M) kallar dubbelmordet i G\u00f6teborg, som intr\u00e4ffade under tisdagskv\u00e4llen, f\u00f6r \u201dett f\u00f6rf\u00e4rligt v\u00e5ldsd\u00e5d\u201d, uppger han f\u00f6r&hellip;\n","protected":false},"author":2,"featured_media":21452,"comment_status":"","ping_status":"","sticky":false,"template":"","format":"standard","meta":{"footnotes":""},"categories":[5],"tags":[22,23,128,26,27,1456,1083,2613,17,21,24,25,28,29,15,16,18,34,31,33,32,30,19,20,1084],"class_list":{"0":"post-21451","1":"post","2":"type-post","3":"status-publish","4":"format-standard","5":"has-post-thumbnail","7":"category-rubriker","8":"tag-breaking-news","9":"tag-breakingnews","10":"tag-brott","11":"tag-featured-news","12":"tag-featurednews","13":"tag-gangvaldet","14":"tag-goteborg","15":"tag-gunnar-strommer","16":"tag-headlines","17":"tag-huvudnyheter","18":"tag-latest-news","19":"tag-latestnews","20":"tag-main-news","21":"tag-mainnews","22":"tag-news","23":"tag-nyheter","24":"tag-rubriker","25":"tag-se","26":"tag-svenska","27":"tag-sverige","28":"tag-sweden","29":"tag-swedish","30":"tag-top-stories","31":"tag-topstories","32":"tag-vastra-gotalands-lan"},"share_on_mastodon":{"url":"","error":""},"_links":{"self":[{"href":"https:\/\/www.europesays.com\/se\/wp-json\/wp\/v2\/posts\/21451","targetHints":{"allow":["GET"]}}],"collection":[{"href":"https:\/\/www.europesays.com\/se\/wp-json\/wp\/v2\/posts"}],"about":[{"href":"https:\/\/www.europesays.com\/se\/wp-json\/wp\/v2\/types\/post"}],"author":[{"embeddable":true,"href":"https:\/\/www.europesays.com\/se\/wp-json\/wp\/v2\/users\/2"}],"replies":[{"embeddable":true,"href":"https:\/\/www.europesays.com\/se\/wp-json\/wp\/v2\/comments?post=21451"}],"version-history":[{"count":0,"href":"https:\/\/www.europesays.com\/se\/wp-json\/wp\/v2\/posts\/21451\/revisions"}],"wp:featuredmedia":[{"embeddable":true,"href":"https:\/\/www.europesays.com\/se\/wp-json\/wp\/v2\/media\/21452"}],"wp:attachment":[{"href":"https:\/\/www.europesays.com\/se\/wp-json\/wp\/v2\/media?parent=21451"}],"wp:term":[{"taxonomy":"category","embeddable":true,"href":"https:\/\/www.europesays.com\/se\/wp-json\/wp\/v2\/categories?post=21451"},{"taxonomy":"post_tag","embeddable":true,"href":"https:\/\/www.europesays.com\/se\/wp-json\/wp\/v2\/tags?post=21451"}],"curies":[{"name":"wp","href":"https:\/\/api.w.org\/{rel}","templated":true}]}}