{"id":21469,"date":"2025-09-04T05:15:17","date_gmt":"2025-09-04T05:15:17","guid":{"rendered":"https:\/\/www.europesays.com\/se\/21469\/"},"modified":"2025-09-04T05:15:17","modified_gmt":"2025-09-04T05:15:17","slug":"man-erkanner-mordet-kan-ha-utpressats-av-ryssland","status":"publish","type":"post","link":"https:\/\/www.europesays.com\/se\/21469\/","title":{"rendered":"Man erk\u00e4nner mordet \u2013 kan ha utpressats av Ryssland"},"content":{"rendered":"<p>En man i 50-\u00e5rs\u00e5ldern har erk\u00e4nt mordet p\u00e5 den ukrainske toppolitikern Andrij Parubuj, rapporterar Kyiv Independent. I ett uttalande till lokala medier kallar han d\u00e5det f\u00f6r \u201den h\u00e4mnd mot ukrainska myndigheter\u201d.<\/p>\n<p>\u2013 Jag erk\u00e4nner. Det var jag som d\u00f6dade honom. Jag vill bli utv\u00e4xlad mot ukrainska krigsf\u00e5ngar s\u00e5 att jag kan leta efter min sons kropp, s\u00e4ger han bakom en glasv\u00e4gg i r\u00e4ttssalen.<\/p>\n<p>Mannens son ska ha f\u00f6rsvunnit i strider vid Bachmut under 2023. Efter kontakter med Ryssland ska mannen ha f\u00e5tt reda p\u00e5 att sonen d\u00f6tt, rapporterar Radio Free Europe\/Radio Liberty.<\/p>\n<p>Enligt uppgifter till ukrainska Channel 5 utpressade ryska underr\u00e4ttelsemyndigheter honom att utf\u00f6ra d\u00e5det, i utbyte mot information om hans sons kvarlevor. <\/p>\n<p>Mannen f\u00f6rnekar all kontakt med Ryssland.<\/p>\n<p>Omni \u00e4r politiskt obundna och oberoende. Vi str\u00e4var efter att ge fler perspektiv p\u00e5 nyheterna. Har du fr\u00e5gor eller synpunkter kring v\u00e5r rapportering? <a href=\"https:\/\/omni.se\/man-erkanner-mordet-kan-ha-utpressats-av-ryssland\/a\/mailto:redaktion@omni.se\" class=\"ArticleActions_contactLink__W2F1M\" rel=\"nofollow noopener\" target=\"_blank\">Kontakta redaktionen<\/a><\/p>\n","protected":false},"excerpt":{"rendered":"En man i 50-\u00e5rs\u00e5ldern har erk\u00e4nt mordet p\u00e5 den ukrainske toppolitikern Andrij Parubuj, rapporterar Kyiv Independent. I ett&hellip;\n","protected":false},"author":2,"featured_media":21470,"comment_status":"","ping_status":"","sticky":false,"template":"","format":"standard","meta":{"footnotes":""},"categories":[14],"tags":[22,23,267,26,27,17,21,24,25,28,29,15,16,18,269,264,34,31,33,32,30,19,20,263,51,52,53,54],"class_list":{"0":"post-21469","1":"post","2":"type-post","3":"status-publish","4":"format-standard","5":"has-post-thumbnail","7":"category-varlden","8":"tag-breaking-news","9":"tag-breakingnews","10":"tag-europa","11":"tag-featured-news","12":"tag-featurednews","13":"tag-headlines","14":"tag-huvudnyheter","15":"tag-latest-news","16":"tag-latestnews","17":"tag-main-news","18":"tag-mainnews","19":"tag-news","20":"tag-nyheter","21":"tag-rubriker","22":"tag-ryska-invasionen","23":"tag-ryssland","24":"tag-se","25":"tag-svenska","26":"tag-sverige","27":"tag-sweden","28":"tag-swedish","29":"tag-top-stories","30":"tag-topstories","31":"tag-ukraina","32":"tag-varlden","33":"tag-world","34":"tag-world-news","35":"tag-worldnews"},"share_on_mastodon":{"url":"","error":""},"_links":{"self":[{"href":"https:\/\/www.europesays.com\/se\/wp-json\/wp\/v2\/posts\/21469","targetHints":{"allow":["GET"]}}],"collection":[{"href":"https:\/\/www.europesays.com\/se\/wp-json\/wp\/v2\/posts"}],"about":[{"href":"https:\/\/www.europesays.com\/se\/wp-json\/wp\/v2\/types\/post"}],"author":[{"embeddable":true,"href":"https:\/\/www.europesays.com\/se\/wp-json\/wp\/v2\/users\/2"}],"replies":[{"embeddable":true,"href":"https:\/\/www.europesays.com\/se\/wp-json\/wp\/v2\/comments?post=21469"}],"version-history":[{"count":0,"href":"https:\/\/www.europesays.com\/se\/wp-json\/wp\/v2\/posts\/21469\/revisions"}],"wp:featuredmedia":[{"embeddable":true,"href":"https:\/\/www.europesays.com\/se\/wp-json\/wp\/v2\/media\/21470"}],"wp:attachment":[{"href":"https:\/\/www.europesays.com\/se\/wp-json\/wp\/v2\/media?parent=21469"}],"wp:term":[{"taxonomy":"category","embeddable":true,"href":"https:\/\/www.europesays.com\/se\/wp-json\/wp\/v2\/categories?post=21469"},{"taxonomy":"post_tag","embeddable":true,"href":"https:\/\/www.europesays.com\/se\/wp-json\/wp\/v2\/tags?post=21469"}],"curies":[{"name":"wp","href":"https:\/\/api.w.org\/{rel}","templated":true}]}}