{"id":21517,"date":"2025-09-04T06:30:09","date_gmt":"2025-09-04T06:30:09","guid":{"rendered":"https:\/\/www.europesays.com\/se\/21517\/"},"modified":"2025-09-04T06:30:09","modified_gmt":"2025-09-04T06:30:09","slug":"franska-ai-jatten-mistral-stanger-runda-varderas-till-154-miljarder","status":"publish","type":"post","link":"https:\/\/www.europesays.com\/se\/21517\/","title":{"rendered":"Franska AI-j\u00e4tten Mistral st\u00e4nger runda \u2013 v\u00e4rderas till 154 miljarder"},"content":{"rendered":"<p>Den franska Open AI-utmanaren Mistral \u00e4r i f\u00e4rd med att f\u00e5 in 2 miljarder euro, motsvarande 2,2 miljarder kronor, i en runda som, inklusive de nya pengarna, skulle v\u00e4rdera startupen till 14 miljarder euro, motsvarande 154 miljarder kronor. Det rapporterar <a href=\"https:\/\/www.bloomberg.com\/news\/articles\/2025-09-03\/mistral-set-for-14-billion-valuation-with-new-funding-round\" rel=\"nofollow noopener\" target=\"_blank\">Bloomberg<\/a>.\u00a0<\/p>\n<p>Mistral grundades f\u00f6r tv\u00e5 \u00e5r sedan av forskare som tidigare jobbat p\u00e5 Deep Mind och Meta. Bolaget utvecklar open source-spr\u00e5kmodeller och ligger bakom AI-chatboten Le Chat.\u00a0<\/p>\n<p>Mistral har inte kommenterat uppgifterna om kapitalrundan. Startupen backas sedan tidigare av bland andra Andreessen Horowitz och General Catalyst.<\/p>\n<p><strong>F\u00e5 de senaste nyheterna f\u00f6re alla andra \u2013\u00a0<\/strong><a href=\"https:\/\/mailchi.mp\/breakit.se\/signup-nyhetsbrev\" rel=\"nofollow noopener\" target=\"_blank\"><strong>f\u00f6lj Breakits kostnadsfria nyhetsbrev<\/strong><\/a><strong>!<\/strong><\/p>\n","protected":false},"excerpt":{"rendered":"Den franska Open AI-utmanaren Mistral \u00e4r i f\u00e4rd med att f\u00e5 in 2 miljarder euro, motsvarande 2,2 miljarder&hellip;\n","protected":false},"author":2,"featured_media":21518,"comment_status":"","ping_status":"","sticky":false,"template":"","format":"standard","meta":{"footnotes":""},"categories":[66],"tags":[87,88,91,90,92,80,78,79,34,89,86,31,33,32,30,85,81,84,83,82],"class_list":{"0":"post-21517","1":"post","2":"type-post","3":"status-publish","4":"format-standard","5":"has-post-thumbnail","7":"category-vetenskap-och-teknik","8":"tag-digital","9":"tag-entreprenor","10":"tag-king","11":"tag-klarna","12":"tag-riskkapital","13":"tag-science","14":"tag-science-and-technology","15":"tag-scienceandtechnology","16":"tag-se","17":"tag-spotify","18":"tag-startups","19":"tag-svenska","20":"tag-sverige","21":"tag-sweden","22":"tag-swedish","23":"tag-tech","24":"tag-technology","25":"tag-teknik","26":"tag-vetenskap","27":"tag-vetenskapteknik"},"share_on_mastodon":{"url":"","error":""},"_links":{"self":[{"href":"https:\/\/www.europesays.com\/se\/wp-json\/wp\/v2\/posts\/21517","targetHints":{"allow":["GET"]}}],"collection":[{"href":"https:\/\/www.europesays.com\/se\/wp-json\/wp\/v2\/posts"}],"about":[{"href":"https:\/\/www.europesays.com\/se\/wp-json\/wp\/v2\/types\/post"}],"author":[{"embeddable":true,"href":"https:\/\/www.europesays.com\/se\/wp-json\/wp\/v2\/users\/2"}],"replies":[{"embeddable":true,"href":"https:\/\/www.europesays.com\/se\/wp-json\/wp\/v2\/comments?post=21517"}],"version-history":[{"count":0,"href":"https:\/\/www.europesays.com\/se\/wp-json\/wp\/v2\/posts\/21517\/revisions"}],"wp:featuredmedia":[{"embeddable":true,"href":"https:\/\/www.europesays.com\/se\/wp-json\/wp\/v2\/media\/21518"}],"wp:attachment":[{"href":"https:\/\/www.europesays.com\/se\/wp-json\/wp\/v2\/media?parent=21517"}],"wp:term":[{"taxonomy":"category","embeddable":true,"href":"https:\/\/www.europesays.com\/se\/wp-json\/wp\/v2\/categories?post=21517"},{"taxonomy":"post_tag","embeddable":true,"href":"https:\/\/www.europesays.com\/se\/wp-json\/wp\/v2\/tags?post=21517"}],"curies":[{"name":"wp","href":"https:\/\/api.w.org\/{rel}","templated":true}]}}