{"id":215197,"date":"2026-04-11T13:56:16","date_gmt":"2026-04-11T13:56:16","guid":{"rendered":"https:\/\/www.europesays.com\/se\/215197\/"},"modified":"2026-04-11T13:56:16","modified_gmt":"2026-04-11T13:56:16","slug":"elsa-hosk-stoppas-av-instagram-gravidinlagget-raderades","status":"publish","type":"post","link":"https:\/\/www.europesays.com\/se\/215197\/","title":{"rendered":"Elsa Hosk stoppas av Instagram\n\u2013 gravidinl\u00e4gget raderades"},"content":{"rendered":"<p>Publicerad 11 apr 2026 kl 15.07<\/p>\n<p>Supermodellen Elsa Hosk stoppas av Instagram.<\/p>\n<p>Nyligen anv\u00e4nde hon plattformen f\u00f6r att avsl\u00f6ja att hon \u00e4r gravid \u2013 men nu har inl\u00e4gget plockats ner.<\/p>\n<p>\u201d\u00d6nskar att folk inte s\u00e5g gravidmagar som st\u00f6tande, men det \u00e4r d\u00e4r vi \u00e4r\u201d, skriver svenskan.<\/p>\n<p><img   alt=\"\"\/><\/p>\n<p>I torsdags ber\u00e4ttade Elsa Hosk att hon \u00e4r gravid via ett inl\u00e4gg p\u00e5 Instagram.<\/p>\n<p>Foto: Instagram<\/p>\n<p>\u00d6ppna bild i helsk\u00e4rm<img loading=\"lazy\"   alt=\"\"\/><\/p>\n<p>Nu har inl\u00e4gget plockats ner, vilket supermodellen skriver om i en h\u00e4ndelse.<\/p>\n<p>Foto: OLIVIER BORDE \/ BESTIMAGE\/IBL<\/p>\n<p>\u00d6ppna bild i helsk\u00e4rm<img loading=\"lazy\"   alt=\"\"\/><\/p>\n<p>Elsa Hosk och gravidmagen.<\/p>\n<p>Foto: Instagram<\/p>\n<p>\u00d6ppna bild i helsk\u00e4rm<\/p>\n<p>I torsdags delade den svenska supermodellen <a href=\"https:\/\/www.expressen.se\/tagg\/person\/elsa-hosk\/\" class=\"\" rel=\"nofollow noopener\" target=\"_blank\">Elsa Hosk<\/a>, 37, glada nyheter: Hon v\u00e4ntar sitt andra barn tillsammans med maken Tom Daly.\u00a0<\/p>\n<p>Beskedet kom via ett inl\u00e4gg p\u00e5 Instagram d\u00e4r hon delade flera bilder p\u00e5 gravidmagen och skrev att hon \u00e4r gravid i sj\u00e4tte m\u00e5naden.\u00a0<\/p>\n<p>Men nu har inl\u00e4gget plockats ned av Instagram, vilket Hosk skriver om i en h\u00e4ndelse p\u00e5 plattformen.<\/p>\n<p>\u201dDe tog ner mitt inl\u00e4gg om graviditetsbeskedet\u201d, skriver hon till en ny bild som visar magen.<\/p>\n<p>\u201d\u00d6nskar att folk inte s\u00e5g gravidmagar som st\u00f6tande, men det \u00e4r d\u00e4r vi \u00e4r\u201d, skriver supermodellen vidare.<\/p>\n<p>I f\u00f6ljande h\u00e4ndelser delar hon n\u00e5gra bilder som fanns med i det nu raderade inl\u00e4gget. P\u00e5 en av bilderna \u00e4r supermodellen helt naken \u2013 endast ikl\u00e4dd skor, solglas\u00f6gon och en scarf \u2013 och t\u00e4cker sina br\u00f6st med h\u00e4nderna.\u00a0<\/p>\n<p>I februari 2021 blev Hosk och hennes danske partner f\u00f6r\u00e4ldrar till dottern Tuulikki Joan. Paret f\u00f6rlovade sig i september f\u00f6rra \u00e5ret.<\/p>\n<p><img loading=\"lazy\"   alt=\"\"\/><\/p>\n<p>Elsa Hosk \u201d\u00f6nskar att folk inte s\u00e5g gravidmagar som st\u00f6tande\u201d.<\/p>\n<p>Foto: Instagram<\/p>\n<p>\u00d6ppna bild i helsk\u00e4rm<img loading=\"lazy\"   alt=\"\"\/><\/p>\n<p>Elsa Hosk delar en av bilderna p\u00e5 nytt i en h\u00e4ndelse.<\/p>\n<p>Foto: Instagram<\/p>\n<p>\u00d6ppna bild i helsk\u00e4rm<\/p>\n","protected":false},"excerpt":{"rendered":"Publicerad 11 apr 2026 kl 15.07 Supermodellen Elsa Hosk stoppas av Instagram. Nyligen anv\u00e4nde hon plattformen f\u00f6r att&hellip;\n","protected":false},"author":2,"featured_media":215198,"comment_status":"","ping_status":"","sticky":false,"template":"","format":"standard","meta":{"footnotes":"","_share_on_mastodon":"0"},"categories":[67],"tags":[104,425,3110,34,31,33,32,30,687,310,105],"class_list":["post-215197","post","type-post","status-publish","format-standard","has-post-thumbnail","category-underhallning","tag-entertainment","tag-organization-instagram","tag-person-elsa-hosk","tag-se","tag-svenska","tag-sverige","tag-sweden","tag-swedish","tag-topic-graviditet","tag-topic-kandisar","tag-underhallning"],"share_on_mastodon":{"url":"https:\/\/pubeurope.com\/@se\/116386423603145304","error":""},"_links":{"self":[{"href":"https:\/\/www.europesays.com\/se\/wp-json\/wp\/v2\/posts\/215197","targetHints":{"allow":["GET"]}}],"collection":[{"href":"https:\/\/www.europesays.com\/se\/wp-json\/wp\/v2\/posts"}],"about":[{"href":"https:\/\/www.europesays.com\/se\/wp-json\/wp\/v2\/types\/post"}],"author":[{"embeddable":true,"href":"https:\/\/www.europesays.com\/se\/wp-json\/wp\/v2\/users\/2"}],"replies":[{"embeddable":true,"href":"https:\/\/www.europesays.com\/se\/wp-json\/wp\/v2\/comments?post=215197"}],"version-history":[{"count":0,"href":"https:\/\/www.europesays.com\/se\/wp-json\/wp\/v2\/posts\/215197\/revisions"}],"wp:featuredmedia":[{"embeddable":true,"href":"https:\/\/www.europesays.com\/se\/wp-json\/wp\/v2\/media\/215198"}],"wp:attachment":[{"href":"https:\/\/www.europesays.com\/se\/wp-json\/wp\/v2\/media?parent=215197"}],"wp:term":[{"taxonomy":"category","embeddable":true,"href":"https:\/\/www.europesays.com\/se\/wp-json\/wp\/v2\/categories?post=215197"},{"taxonomy":"post_tag","embeddable":true,"href":"https:\/\/www.europesays.com\/se\/wp-json\/wp\/v2\/tags?post=215197"}],"curies":[{"name":"wp","href":"https:\/\/api.w.org\/{rel}","templated":true}]}}