{"id":21521,"date":"2025-09-04T06:32:12","date_gmt":"2025-09-04T06:32:12","guid":{"rendered":"https:\/\/www.europesays.com\/se\/21521\/"},"modified":"2025-09-04T06:32:12","modified_gmt":"2025-09-04T06:32:12","slug":"sakerhetsgarantier-en-fara-for-europa","status":"publish","type":"post","link":"https:\/\/www.europesays.com\/se\/21521\/","title":{"rendered":"\u201dS\u00e4kerhetsgarantier en fara f\u00f6r Europa\u201d"},"content":{"rendered":"<p>Ryssland varnar nu Europa f\u00f6r att verkst\u00e4lla de f\u00f6reslagna s\u00e4kerhetsgarantierna, rapporterar TT. Maria Zacharova, utrikesdepartementets talesperson, s\u00e4ger att de skulle bli \u201den spr\u00e5ngbr\u00e4da f\u00f6r terror, f\u00f6r provokationer mot v\u00e5rt land\u201d.<\/p>\n<p>\u2013 De garanterar inte Ukrainas s\u00e4kerhet, de garanterar fara f\u00f6r den europeiska kontinenten, s\u00e4ger hon.<\/p>\n<p>Varningen kommer under ett ekonomiskt forum i Ryssland och riktas mot europeiska ledare inf\u00f6r deras samtal med Zelenskyj under torsdagen, som bland annat handlar om s\u00e5dana s\u00e4kerhetsgarantier.<\/p>\n<p>Omni \u00e4r politiskt obundna och oberoende. Vi str\u00e4var efter att ge fler perspektiv p\u00e5 nyheterna. Har du fr\u00e5gor eller synpunkter kring v\u00e5r rapportering? <a href=\"https:\/\/omni.se\/kreml-sakerhetsgarantier-en-fara-for-europa\/a\/mailto:redaktion@omni.se\" class=\"ArticleActions_contactLink__W2F1M\" rel=\"nofollow noopener\" target=\"_blank\">Kontakta redaktionen<\/a><\/p>\n","protected":false},"excerpt":{"rendered":"Ryssland varnar nu Europa f\u00f6r att verkst\u00e4lla de f\u00f6reslagna s\u00e4kerhetsgarantierna, rapporterar TT. Maria Zacharova, utrikesdepartementets talesperson, s\u00e4ger att&hellip;\n","protected":false},"author":2,"featured_media":21522,"comment_status":"","ping_status":"","sticky":false,"template":"","format":"standard","meta":{"footnotes":""},"categories":[14],"tags":[22,23,267,26,27,17,21,24,25,28,29,15,16,18,269,264,34,31,33,32,30,19,20,263,51,52,53,54],"class_list":{"0":"post-21521","1":"post","2":"type-post","3":"status-publish","4":"format-standard","5":"has-post-thumbnail","7":"category-varlden","8":"tag-breaking-news","9":"tag-breakingnews","10":"tag-europa","11":"tag-featured-news","12":"tag-featurednews","13":"tag-headlines","14":"tag-huvudnyheter","15":"tag-latest-news","16":"tag-latestnews","17":"tag-main-news","18":"tag-mainnews","19":"tag-news","20":"tag-nyheter","21":"tag-rubriker","22":"tag-ryska-invasionen","23":"tag-ryssland","24":"tag-se","25":"tag-svenska","26":"tag-sverige","27":"tag-sweden","28":"tag-swedish","29":"tag-top-stories","30":"tag-topstories","31":"tag-ukraina","32":"tag-varlden","33":"tag-world","34":"tag-world-news","35":"tag-worldnews"},"share_on_mastodon":{"url":"","error":""},"_links":{"self":[{"href":"https:\/\/www.europesays.com\/se\/wp-json\/wp\/v2\/posts\/21521","targetHints":{"allow":["GET"]}}],"collection":[{"href":"https:\/\/www.europesays.com\/se\/wp-json\/wp\/v2\/posts"}],"about":[{"href":"https:\/\/www.europesays.com\/se\/wp-json\/wp\/v2\/types\/post"}],"author":[{"embeddable":true,"href":"https:\/\/www.europesays.com\/se\/wp-json\/wp\/v2\/users\/2"}],"replies":[{"embeddable":true,"href":"https:\/\/www.europesays.com\/se\/wp-json\/wp\/v2\/comments?post=21521"}],"version-history":[{"count":0,"href":"https:\/\/www.europesays.com\/se\/wp-json\/wp\/v2\/posts\/21521\/revisions"}],"wp:featuredmedia":[{"embeddable":true,"href":"https:\/\/www.europesays.com\/se\/wp-json\/wp\/v2\/media\/21522"}],"wp:attachment":[{"href":"https:\/\/www.europesays.com\/se\/wp-json\/wp\/v2\/media?parent=21521"}],"wp:term":[{"taxonomy":"category","embeddable":true,"href":"https:\/\/www.europesays.com\/se\/wp-json\/wp\/v2\/categories?post=21521"},{"taxonomy":"post_tag","embeddable":true,"href":"https:\/\/www.europesays.com\/se\/wp-json\/wp\/v2\/tags?post=21521"}],"curies":[{"name":"wp","href":"https:\/\/api.w.org\/{rel}","templated":true}]}}