{"id":21562,"date":"2025-09-04T07:25:06","date_gmt":"2025-09-04T07:25:06","guid":{"rendered":"https:\/\/www.europesays.com\/se\/21562\/"},"modified":"2025-09-04T07:25:06","modified_gmt":"2025-09-04T07:25:06","slug":"lady-gaga-stallde-in-i-miami-timmar-fore-konsert","status":"publish","type":"post","link":"https:\/\/www.europesays.com\/se\/21562\/","title":{"rendered":"Lady Gaga st\u00e4llde in i Miami \u2013 timmar f\u00f6re konsert"},"content":{"rendered":"<p>En Lady Gaga-konsert i Miami har st\u00e4llts in med bara timmar kvar till start, skriver Deadline. Beslutet kom fr\u00e5n artisten sj\u00e4lv och anledningen var att det fanns en \u201d\u00f6verh\u00e4ngande risk\u201d att hon skulle f\u00e5 l\u00e5ngsiktiga eller permanenta skador p\u00e5 st\u00e4mbanden.<\/p>\n<p>\u201dJag \u00e4r verkligen s\u00e5, s\u00e5 ledsen men jag m\u00e5ste skjuta upp kv\u00e4llens spelning\u201d, skriver Lady Gaga p\u00e5 Instagram.<\/p>\n<p>Lady Gagas turn\u00e9 inleddes tidigare i somras och kommer forts\u00e4tta i Europa.<\/p>\n<p>Omni \u00e4r politiskt obundna och oberoende. Vi str\u00e4var efter att ge fler perspektiv p\u00e5 nyheterna. Har du fr\u00e5gor eller synpunkter kring v\u00e5r rapportering? <a href=\"https:\/\/omni.se\/lady-gaga-stallde-in-i-miami-timmar-fore-konsert\/a\/mailto:redaktion@omni.se\" class=\"ArticleActions_contactLink__W2F1M\" rel=\"nofollow noopener\" target=\"_blank\">Kontakta redaktionen<\/a><\/p>\n","protected":false},"excerpt":{"rendered":"En Lady Gaga-konsert i Miami har st\u00e4llts in med bara timmar kvar till start, skriver Deadline. Beslutet kom&hellip;\n","protected":false},"author":2,"featured_media":21563,"comment_status":"","ping_status":"","sticky":false,"template":"","format":"standard","meta":{"footnotes":""},"categories":[67],"tags":[104,2624,172,34,31,33,32,30,105],"class_list":{"0":"post-21562","1":"post","2":"type-post","3":"status-publish","4":"format-standard","5":"has-post-thumbnail","7":"category-underhallning","8":"tag-entertainment","9":"tag-lady-gaga","10":"tag-musik","11":"tag-se","12":"tag-svenska","13":"tag-sverige","14":"tag-sweden","15":"tag-swedish","16":"tag-underhallning"},"share_on_mastodon":{"url":"","error":""},"_links":{"self":[{"href":"https:\/\/www.europesays.com\/se\/wp-json\/wp\/v2\/posts\/21562","targetHints":{"allow":["GET"]}}],"collection":[{"href":"https:\/\/www.europesays.com\/se\/wp-json\/wp\/v2\/posts"}],"about":[{"href":"https:\/\/www.europesays.com\/se\/wp-json\/wp\/v2\/types\/post"}],"author":[{"embeddable":true,"href":"https:\/\/www.europesays.com\/se\/wp-json\/wp\/v2\/users\/2"}],"replies":[{"embeddable":true,"href":"https:\/\/www.europesays.com\/se\/wp-json\/wp\/v2\/comments?post=21562"}],"version-history":[{"count":0,"href":"https:\/\/www.europesays.com\/se\/wp-json\/wp\/v2\/posts\/21562\/revisions"}],"wp:featuredmedia":[{"embeddable":true,"href":"https:\/\/www.europesays.com\/se\/wp-json\/wp\/v2\/media\/21563"}],"wp:attachment":[{"href":"https:\/\/www.europesays.com\/se\/wp-json\/wp\/v2\/media?parent=21562"}],"wp:term":[{"taxonomy":"category","embeddable":true,"href":"https:\/\/www.europesays.com\/se\/wp-json\/wp\/v2\/categories?post=21562"},{"taxonomy":"post_tag","embeddable":true,"href":"https:\/\/www.europesays.com\/se\/wp-json\/wp\/v2\/tags?post=21562"}],"curies":[{"name":"wp","href":"https:\/\/api.w.org\/{rel}","templated":true}]}}