{"id":21564,"date":"2025-09-04T07:31:13","date_gmt":"2025-09-04T07:31:13","guid":{"rendered":"https:\/\/www.europesays.com\/se\/21564\/"},"modified":"2025-09-04T07:31:13","modified_gmt":"2025-09-04T07:31:13","slug":"tio-hvb-hem-stoppas-for-brottskopplingar-i-goteborg","status":"publish","type":"post","link":"https:\/\/www.europesays.com\/se\/21564\/","title":{"rendered":"Tio HVB-hem stoppas f\u00f6r brottskopplingar i G\u00f6teborg"},"content":{"rendered":"<p>G\u00f6teborgs stad tvingats stoppa samarbetet med tio HVB-hem sedan \u00e5rsskiftet, efter att anst\u00e4llda har visat sig vara d\u00f6mda f\u00f6r allvarliga brott, s\u00e5som grovt vapenbrott och narkotikabrott, rapporterar Sveriges Radio Ekot.<\/p>\n<p>\u2013 Det \u00e4r ju utsatta barn och ungdomar som beh\u00f6ver st\u00f6d i samh\u00e4llet och som absolut inte ska f\u00e5ngas upp av andra kriminella, s\u00e4ger Cecilia Strandberg, upphandlingsjurist vid G\u00f6teborgs stad.<\/p>\n<p>En del av hemmen kan forts\u00e4tta sin verksamhet, i samarbete med andra kommuner.<\/p>\n<p>Omni \u00e4r politiskt obundna och oberoende. Vi str\u00e4var efter att ge fler perspektiv p\u00e5 nyheterna. Har du fr\u00e5gor eller synpunkter kring v\u00e5r rapportering? <a href=\"https:\/\/omni.se\/tio-hvb-hem-stoppas-for-brottskopplingar-i-goteborg\/a\/mailto:redaktion@omni.se\" class=\"ArticleActions_contactLink__W2F1M\" rel=\"nofollow noopener\" target=\"_blank\">Kontakta redaktionen<\/a><\/p>\n","protected":false},"excerpt":{"rendered":"G\u00f6teborgs stad tvingats stoppa samarbetet med tio HVB-hem sedan \u00e5rsskiftet, efter att anst\u00e4llda har visat sig vara d\u00f6mda&hellip;\n","protected":false},"author":2,"featured_media":21565,"comment_status":"","ping_status":"","sticky":false,"template":"","format":"standard","meta":{"footnotes":""},"categories":[12],"tags":[22,23,128,26,27,1083,17,21,2625,2626,24,25,28,29,15,16,18,34,31,33,32,30,19,20,1084],"class_list":{"0":"post-21564","1":"post","2":"type-post","3":"status-publish","4":"format-standard","5":"has-post-thumbnail","7":"category-sverige","8":"tag-breaking-news","9":"tag-breakingnews","10":"tag-brott","11":"tag-featured-news","12":"tag-featurednews","13":"tag-goteborg","14":"tag-headlines","15":"tag-huvudnyheter","16":"tag-hvb-hem","17":"tag-kriminalitet","18":"tag-latest-news","19":"tag-latestnews","20":"tag-main-news","21":"tag-mainnews","22":"tag-news","23":"tag-nyheter","24":"tag-rubriker","25":"tag-se","26":"tag-svenska","27":"tag-sverige","28":"tag-sweden","29":"tag-swedish","30":"tag-top-stories","31":"tag-topstories","32":"tag-vastra-gotalands-lan"},"share_on_mastodon":{"url":"","error":""},"_links":{"self":[{"href":"https:\/\/www.europesays.com\/se\/wp-json\/wp\/v2\/posts\/21564","targetHints":{"allow":["GET"]}}],"collection":[{"href":"https:\/\/www.europesays.com\/se\/wp-json\/wp\/v2\/posts"}],"about":[{"href":"https:\/\/www.europesays.com\/se\/wp-json\/wp\/v2\/types\/post"}],"author":[{"embeddable":true,"href":"https:\/\/www.europesays.com\/se\/wp-json\/wp\/v2\/users\/2"}],"replies":[{"embeddable":true,"href":"https:\/\/www.europesays.com\/se\/wp-json\/wp\/v2\/comments?post=21564"}],"version-history":[{"count":0,"href":"https:\/\/www.europesays.com\/se\/wp-json\/wp\/v2\/posts\/21564\/revisions"}],"wp:featuredmedia":[{"embeddable":true,"href":"https:\/\/www.europesays.com\/se\/wp-json\/wp\/v2\/media\/21565"}],"wp:attachment":[{"href":"https:\/\/www.europesays.com\/se\/wp-json\/wp\/v2\/media?parent=21564"}],"wp:term":[{"taxonomy":"category","embeddable":true,"href":"https:\/\/www.europesays.com\/se\/wp-json\/wp\/v2\/categories?post=21564"},{"taxonomy":"post_tag","embeddable":true,"href":"https:\/\/www.europesays.com\/se\/wp-json\/wp\/v2\/tags?post=21564"}],"curies":[{"name":"wp","href":"https:\/\/api.w.org\/{rel}","templated":true}]}}