{"id":215798,"date":"2026-04-12T11:24:07","date_gmt":"2026-04-12T11:24:07","guid":{"rendered":"https:\/\/www.europesays.com\/se\/215798\/"},"modified":"2026-04-12T11:24:07","modified_gmt":"2026-04-12T11:24:07","slug":"gout-gout-satter-ny-rekordtid-helt-galet","status":"publish","type":"post","link":"https:\/\/www.europesays.com\/se\/215798\/","title":{"rendered":"Gout Gout s\u00e4tter ny rekordtid: \u201dHelt galet\u201d"},"content":{"rendered":"<p>18-\u00e5rige Gout Gout sprang p\u00e5 en ny rekordtid under det australiska m\u00e4sterskapet som h\u00f6lls under s\u00f6ndagen. Australiensaren sprang 200 meter p\u00e5 19,67 sekunder, vilket \u00e4r ett nationellt rekord.<\/p>\n<p>\u2013 Det \u00e4r helt galet, s\u00e4ger Gout till The Guardian.<\/p>\n<p>Nu j\u00e4mf\u00f6rs j\u00e4ttetalangen med legendaren Usain Bolt, eftersom han springer snabbare \u00e4n Bolt gjorde i samma \u00e5lder. <\/p>\n<p>Han har tidigare sprungit str\u00e4ckan under 20 sekunder, men resultatet diskvalificerades p\u00e5 grund av stark medvind, skriver Sportbladet.<\/p>\n<p>Omni \u00e4r politiskt obundna och oberoende. Vi str\u00e4var efter att ge fler perspektiv p\u00e5 nyheterna. Har du fr\u00e5gor eller synpunkter kring v\u00e5r rapportering? <a href=\"https:\/\/omni.se\/gout-gout-satter-ny-rekordtid-helt-galet\/a\/mailto:redaktion@omni.se\" class=\"ArticleActions_contactLink__W2F1M\" rel=\"nofollow noopener\" target=\"_blank\">Kontakta redaktionen<\/a><\/p>\n","protected":false},"excerpt":{"rendered":"18-\u00e5rige Gout Gout sprang p\u00e5 en ny rekordtid under det australiska m\u00e4sterskapet som h\u00f6lls under s\u00f6ndagen. Australiensaren sprang&hellip;\n","protected":false},"author":2,"featured_media":215799,"comment_status":"","ping_status":"","sticky":false,"template":"","format":"standard","meta":{"footnotes":"","_share_on_mastodon":"0"},"categories":[68],"tags":[1364,17333,34,111,110,31,33,32,30,3475],"class_list":["post-215798","post","type-post","status-publish","format-standard","has-post-thumbnail","category-sport","tag-friidrott","tag-gout-gout","tag-se","tag-sport","tag-sports","tag-svenska","tag-sverige","tag-sweden","tag-swedish","tag-usain-bolt"],"share_on_mastodon":{"url":"https:\/\/pubeurope.com\/@se\/116391488146016160","error":""},"_links":{"self":[{"href":"https:\/\/www.europesays.com\/se\/wp-json\/wp\/v2\/posts\/215798","targetHints":{"allow":["GET"]}}],"collection":[{"href":"https:\/\/www.europesays.com\/se\/wp-json\/wp\/v2\/posts"}],"about":[{"href":"https:\/\/www.europesays.com\/se\/wp-json\/wp\/v2\/types\/post"}],"author":[{"embeddable":true,"href":"https:\/\/www.europesays.com\/se\/wp-json\/wp\/v2\/users\/2"}],"replies":[{"embeddable":true,"href":"https:\/\/www.europesays.com\/se\/wp-json\/wp\/v2\/comments?post=215798"}],"version-history":[{"count":0,"href":"https:\/\/www.europesays.com\/se\/wp-json\/wp\/v2\/posts\/215798\/revisions"}],"wp:featuredmedia":[{"embeddable":true,"href":"https:\/\/www.europesays.com\/se\/wp-json\/wp\/v2\/media\/215799"}],"wp:attachment":[{"href":"https:\/\/www.europesays.com\/se\/wp-json\/wp\/v2\/media?parent=215798"}],"wp:term":[{"taxonomy":"category","embeddable":true,"href":"https:\/\/www.europesays.com\/se\/wp-json\/wp\/v2\/categories?post=215798"},{"taxonomy":"post_tag","embeddable":true,"href":"https:\/\/www.europesays.com\/se\/wp-json\/wp\/v2\/tags?post=215798"}],"curies":[{"name":"wp","href":"https:\/\/api.w.org\/{rel}","templated":true}]}}