{"id":216737,"date":"2026-04-13T14:21:20","date_gmt":"2026-04-13T14:21:20","guid":{"rendered":"https:\/\/www.europesays.com\/se\/216737\/"},"modified":"2026-04-13T14:21:20","modified_gmt":"2026-04-13T14:21:20","slug":"publikfavoriten-naod-tillbaka-i-strangnas","status":"publish","type":"post","link":"https:\/\/www.europesays.com\/se\/216737\/","title":{"rendered":"Publikfavoriten Naod tillbaka i Str\u00e4ngn\u00e4s"},"content":{"rendered":"<p class=\"font-normal\">\u2013 Vi \u00e4r glada att kunna m\u00f6ta de \u00f6nskem\u00e5l vi har f\u00e5tt om att Naod ska komma tillbaka till Sommarfest. Hans framtr\u00e4dande f\u00f6r tv\u00e5 \u00e5r sedan lyfte verkligen st\u00e4mningen i publiken och k\u00e4nslan av att vi alla var d\u00e4r tillsammans, s\u00e4ger Johanna Nyberg, projektledare f\u00f6r Sommarfest i Str\u00e4ngn\u00e4s.<\/p>\n<p class=\"font-normal\">Naod \u00e4r en del av den svenska hiphop som v\u00e4grar att placeras i ett fack, han testar gr\u00e4nser och forts\u00e4tter att utforska olika genrer. Han har n\u00e5tt stora framg\u00e5ngar med sin singel Ikon och senare med singeln Dum av dej d\u00e4r han samplar Daniel Adams-Rays klassiska hitl\u00e5t med samma namn.<\/p>\n<p class=\"font-normal\">Under Sommarfest i Str\u00e4ngn\u00e4s 2024 fick flera unga fans ur publiken m\u00f6jlighet att komma upp p\u00e5 scenen och sjunga Dum av dej tillsammans med Naod. Publiken fick ocks\u00e5 en glad \u00f6verraskning den kv\u00e4llen d\u00e5 Naod bjudit med sig artisten Mohel\u00e1 och de sj\u00f6ng sin gemensamma l\u00e5t Decibel som var det \u00e5rets stora sommarhit.<\/p>\n<p class=\"font-normal\">Naod har en stark tro p\u00e5 musiken som ett kraftfullt verktyg f\u00f6r att f\u00f6ra ihop m\u00e4nniskor fr\u00e5n olika bakgrunder och milj\u00f6er. N\u00e5got som han tydligt visade under sin f\u00f6rra spelning i Str\u00e4ngn\u00e4s.<\/p>\n<p class=\"font-normal\">Det var som 15-\u00e5ring p\u00e5 fritidsg\u00e5rden som Naod b\u00f6rjade rappa och redan \u00e5ret efter hade han sina f\u00f6rsta spelningar. \u00c5r 2020, n\u00e4r han var 21 \u00e5r, sl\u00e4ppte han sina f\u00f6rsta l\u00e5tar och gjorde snabbt succ\u00e9 b\u00e5de i Sverige och utomlands. Han har s\u00e5lt flertalet guld- och platinaskivor och jobbat tillsammans med artister som Cherrie, Mona Masrour och Aden x Asme.<\/p>\n","protected":false},"excerpt":{"rendered":"\u2013 Vi \u00e4r glada att kunna m\u00f6ta de \u00f6nskem\u00e5l vi har f\u00e5tt om att Naod ska komma tillbaka&hellip;\n","protected":false},"author":2,"featured_media":216738,"comment_status":"","ping_status":"","sticky":false,"template":"","format":"standard","meta":{"footnotes":"","_share_on_mastodon":"0"},"categories":[67],"tags":[104,34,1546,31,33,32,30,105],"class_list":["post-216737","post","type-post","status-publish","format-standard","has-post-thumbnail","category-underhallning","tag-entertainment","tag-se","tag-strangnas","tag-svenska","tag-sverige","tag-sweden","tag-swedish","tag-underhallning"],"share_on_mastodon":{"url":"https:\/\/pubeurope.com\/@se\/116397846551451832","error":""},"_links":{"self":[{"href":"https:\/\/www.europesays.com\/se\/wp-json\/wp\/v2\/posts\/216737","targetHints":{"allow":["GET"]}}],"collection":[{"href":"https:\/\/www.europesays.com\/se\/wp-json\/wp\/v2\/posts"}],"about":[{"href":"https:\/\/www.europesays.com\/se\/wp-json\/wp\/v2\/types\/post"}],"author":[{"embeddable":true,"href":"https:\/\/www.europesays.com\/se\/wp-json\/wp\/v2\/users\/2"}],"replies":[{"embeddable":true,"href":"https:\/\/www.europesays.com\/se\/wp-json\/wp\/v2\/comments?post=216737"}],"version-history":[{"count":0,"href":"https:\/\/www.europesays.com\/se\/wp-json\/wp\/v2\/posts\/216737\/revisions"}],"wp:featuredmedia":[{"embeddable":true,"href":"https:\/\/www.europesays.com\/se\/wp-json\/wp\/v2\/media\/216738"}],"wp:attachment":[{"href":"https:\/\/www.europesays.com\/se\/wp-json\/wp\/v2\/media?parent=216737"}],"wp:term":[{"taxonomy":"category","embeddable":true,"href":"https:\/\/www.europesays.com\/se\/wp-json\/wp\/v2\/categories?post=216737"},{"taxonomy":"post_tag","embeddable":true,"href":"https:\/\/www.europesays.com\/se\/wp-json\/wp\/v2\/tags?post=216737"}],"curies":[{"name":"wp","href":"https:\/\/api.w.org\/{rel}","templated":true}]}}