{"id":217707,"date":"2026-04-14T19:58:11","date_gmt":"2026-04-14T19:58:11","guid":{"rendered":"https:\/\/www.europesays.com\/se\/217707\/"},"modified":"2026-04-14T19:58:11","modified_gmt":"2026-04-14T19:58:11","slug":"johan-ar-magdalena-graafs-nya-pojkvan","status":"publish","type":"post","link":"https:\/\/www.europesays.com\/se\/217707\/","title":{"rendered":"Johan \u00e4r Magdalena Graafs nya pojkv\u00e4n"},"content":{"rendered":"<p>Publicerad 14 apr 2026 kl 21.05<\/p>\n<p>De har k\u00e4nt varandra i 35 \u00e5r.<\/p>\n<p>Men f\u00f6rst nu spirar k\u00e4rleken mellan Magdalena Graaf och nya pojkv\u00e4nnen Johan.<\/p>\n<p>\u201dEn oerh\u00f6rt fin och underbar man\u201d, skrivaren s\u00e5ngerskan <a href=\"https:\/\/amelia.expressen.se\/blogg\/magdalenagraaf\/2026\/04\/12\/hundar-greken-karlek-och-fyrhjuling\/\" rel=\"nofollow noopener\" target=\"_blank\">p\u00e5 sin blogg<\/a>.<\/p>\n<p>Senaste n\u00f6jesklippen fr\u00e5n Expressen.<img   alt=\"\"\/><\/p>\n<p>Magdalena Graaf.<\/p>\n<p>Foto: Claudio Bresciani\/TT \/ TT NYHETSBYR\u00c5N<\/p>\n<p>\u00d6ppna bild i helsk\u00e4rm<img loading=\"lazy\"   alt=\"\"\/><\/p>\n<p>Magdalena Graaf med sonen Lance Hedman Graaf och exmaken Magnus Hedman.<\/p>\n<p>Foto: KARIN T\u00d6RNBLOM \/ IBL<\/p>\n<p>\u00d6ppna bild i helsk\u00e4rm<\/p>\n<p><a href=\"https:\/\/www.expressen.se\/tagg\/person\/magdalena-graaf\/\" class=\"\" rel=\"nofollow noopener\" target=\"_blank\">Magdalena Graaf<\/a>, 50, \u00e4r k\u00e4r.<\/p>\n<p>Artisten ber\u00e4ttar nu om lyckan med sin nya k\u00e4rlek Johan.<\/p>\n<p>De tv\u00e5 har k\u00e4nt varandra i 35 \u00e5r \u2013 men det \u00e4r f\u00f6rst nu de har hittat varandra k\u00e4rleksm\u00e4ssigt.<\/p>\n<p>\u201dJ \u00e4r n\u00e5gon som har funnits i pojkarnas liv sedan Isak f\u00f6ddes (\u00e4ven innan dess)\u201d, skriver Graaf p\u00e5 sin blogg p\u00e5 Amelia, och syftar p\u00e5 sina vuxna s\u00f6ner.<\/p>\n<p>Nu sprudlar k\u00e4rleken f\u00f6r paret som har dejtat sedan sensommaren i fjol.<\/p>\n<p>\u201dInget br\u00e5k, h\u00f6ga r\u00f6ster, svartsjuka eller konstiga krav. Jag f\u00e5r vara mig sj\u00e4lv. Och det \u00e4r underbart. Jag \u00e4r s\u00e5 vansinnigt trygg, harmonisk och \u00e4lskar, OCH k\u00e4nner mig genuint \u00e4lskad\u201d, skriver Graaf.<\/p>\n<p>\u00c4ven artistens n\u00e4ra och k\u00e4ra verkar ha accepterat Johan i familjen.<\/p>\n<p>\u201dJohan har f\u00e5tt MVG fr\u00e5n b\u00e5de barn, familj och ex Magnus [Hedman reds anm] h\u00e4ngde h\u00e4r p\u00e5 landet i f\u00f6rrg\u00e5r)\u201d, skriver hon.<\/p>\n","protected":false},"excerpt":{"rendered":"Publicerad 14 apr 2026 kl 21.05 De har k\u00e4nt varandra i 35 \u00e5r. Men f\u00f6rst nu spirar k\u00e4rleken&hellip;\n","protected":false},"author":2,"featured_media":217708,"comment_status":"","ping_status":"","sticky":false,"template":"","format":"standard","meta":{"footnotes":"","_share_on_mastodon":"0"},"categories":[67],"tags":[104,17419,34,31,33,32,30,402,547,105],"class_list":["post-217707","post","type-post","status-publish","format-standard","has-post-thumbnail","category-underhallning","tag-entertainment","tag-person-magdalena-graaf","tag-se","tag-svenska","tag-sverige","tag-sweden","tag-swedish","tag-topic-artister","tag-topic-karlek-relationer","tag-underhallning"],"share_on_mastodon":{"url":"https:\/\/pubeurope.com\/@se\/116404833842512511","error":""},"_links":{"self":[{"href":"https:\/\/www.europesays.com\/se\/wp-json\/wp\/v2\/posts\/217707","targetHints":{"allow":["GET"]}}],"collection":[{"href":"https:\/\/www.europesays.com\/se\/wp-json\/wp\/v2\/posts"}],"about":[{"href":"https:\/\/www.europesays.com\/se\/wp-json\/wp\/v2\/types\/post"}],"author":[{"embeddable":true,"href":"https:\/\/www.europesays.com\/se\/wp-json\/wp\/v2\/users\/2"}],"replies":[{"embeddable":true,"href":"https:\/\/www.europesays.com\/se\/wp-json\/wp\/v2\/comments?post=217707"}],"version-history":[{"count":0,"href":"https:\/\/www.europesays.com\/se\/wp-json\/wp\/v2\/posts\/217707\/revisions"}],"wp:featuredmedia":[{"embeddable":true,"href":"https:\/\/www.europesays.com\/se\/wp-json\/wp\/v2\/media\/217708"}],"wp:attachment":[{"href":"https:\/\/www.europesays.com\/se\/wp-json\/wp\/v2\/media?parent=217707"}],"wp:term":[{"taxonomy":"category","embeddable":true,"href":"https:\/\/www.europesays.com\/se\/wp-json\/wp\/v2\/categories?post=217707"},{"taxonomy":"post_tag","embeddable":true,"href":"https:\/\/www.europesays.com\/se\/wp-json\/wp\/v2\/tags?post=217707"}],"curies":[{"name":"wp","href":"https:\/\/api.w.org\/{rel}","templated":true}]}}