{"id":217989,"date":"2026-04-15T08:01:16","date_gmt":"2026-04-15T08:01:16","guid":{"rendered":"https:\/\/www.europesays.com\/se\/217989\/"},"modified":"2026-04-15T08:01:16","modified_gmt":"2026-04-15T08:01:16","slug":"akut-brist-pa-brostmjolk-i-bade-malmo-och-lund","status":"publish","type":"post","link":"https:\/\/www.europesays.com\/se\/217989\/","title":{"rendered":"Akut brist p\u00e5 br\u00f6stmj\u00f6lk i b\u00e5de Malm\u00f6 och Lund"},"content":{"rendered":"<p>Det r\u00e5der akut brist p\u00e5 br\u00f6stmj\u00f6lk p\u00e5 neonatalavdelningarna i b\u00e5de Malm\u00f6 och Lund, rapporterar P4 Malm\u00f6hus. L\u00e4get beskrivs som allvarligt och l\u00e4karen Susanne Way p\u00e5 Sk\u00e5nes universitetssjukhus utesluter inte att det kan beh\u00f6vas k\u00f6pas in mj\u00f6lk fr\u00e5n andra sjukhus. <\/p>\n<p>Hon s\u00e4ger att bristen dels beror p\u00e5 att sjukhuset haft en h\u00f6g \u00e5tg\u00e5ng av donerad br\u00f6stmj\u00f6lk och dels f\u00f6r f\u00e5 donatorer. <\/p>\n<p>Sjukhusets f\u00f6rhoppning \u00e4r att fler nyblivna mammor ska donera br\u00f6stmj\u00f6lk. <\/p>\n<p>Omni \u00e4r politiskt obundna och oberoende. Vi str\u00e4var efter att ge fler perspektiv p\u00e5 nyheterna. Har du fr\u00e5gor eller synpunkter kring v\u00e5r rapportering? <a href=\"https:\/\/omni.se\/akut-brist-pa-brostmjolk-i-bade-malmo-och-lund\/a\/mailto:redaktion@omni.se\" class=\"ArticleActions_contactLink__W2F1M\" rel=\"nofollow noopener\" target=\"_blank\">Kontakta redaktionen<\/a><\/p>\n","protected":false},"excerpt":{"rendered":"Det r\u00e5der akut brist p\u00e5 br\u00f6stmj\u00f6lk p\u00e5 neonatalavdelningarna i b\u00e5de Malm\u00f6 och Lund, rapporterar P4 Malm\u00f6hus. L\u00e4get beskrivs&hellip;\n","protected":false},"author":2,"featured_media":217990,"comment_status":"","ping_status":"","sticky":false,"template":"","format":"standard","meta":{"footnotes":"","_share_on_mastodon":"0"},"categories":[5],"tags":[22,23,26,27,113,17,21,24,25,1596,28,29,417,15,16,18,34,389,31,33,32,30,19,20,330],"class_list":["post-217989","post","type-post","status-publish","format-standard","has-post-thumbnail","category-rubriker","tag-breaking-news","tag-breakingnews","tag-featured-news","tag-featurednews","tag-halsa","tag-headlines","tag-huvudnyheter","tag-latest-news","tag-latestnews","tag-lund","tag-main-news","tag-mainnews","tag-malmo","tag-news","tag-nyheter","tag-rubriker","tag-se","tag-skane-lan","tag-svenska","tag-sverige","tag-sweden","tag-swedish","tag-top-stories","tag-topstories","tag-vard-omsorg"],"share_on_mastodon":{"url":"https:\/\/pubeurope.com\/@se\/116407676628388697","error":""},"_links":{"self":[{"href":"https:\/\/www.europesays.com\/se\/wp-json\/wp\/v2\/posts\/217989","targetHints":{"allow":["GET"]}}],"collection":[{"href":"https:\/\/www.europesays.com\/se\/wp-json\/wp\/v2\/posts"}],"about":[{"href":"https:\/\/www.europesays.com\/se\/wp-json\/wp\/v2\/types\/post"}],"author":[{"embeddable":true,"href":"https:\/\/www.europesays.com\/se\/wp-json\/wp\/v2\/users\/2"}],"replies":[{"embeddable":true,"href":"https:\/\/www.europesays.com\/se\/wp-json\/wp\/v2\/comments?post=217989"}],"version-history":[{"count":0,"href":"https:\/\/www.europesays.com\/se\/wp-json\/wp\/v2\/posts\/217989\/revisions"}],"wp:featuredmedia":[{"embeddable":true,"href":"https:\/\/www.europesays.com\/se\/wp-json\/wp\/v2\/media\/217990"}],"wp:attachment":[{"href":"https:\/\/www.europesays.com\/se\/wp-json\/wp\/v2\/media?parent=217989"}],"wp:term":[{"taxonomy":"category","embeddable":true,"href":"https:\/\/www.europesays.com\/se\/wp-json\/wp\/v2\/categories?post=217989"},{"taxonomy":"post_tag","embeddable":true,"href":"https:\/\/www.europesays.com\/se\/wp-json\/wp\/v2\/tags?post=217989"}],"curies":[{"name":"wp","href":"https:\/\/api.w.org\/{rel}","templated":true}]}}