{"id":218048,"date":"2026-04-15T09:17:25","date_gmt":"2026-04-15T09:17:25","guid":{"rendered":"https:\/\/www.europesays.com\/se\/218048\/"},"modified":"2026-04-15T09:17:25","modified_gmt":"2026-04-15T09:17:25","slug":"sa-dodade-vi-det-socialdemokratiska-sverige","status":"publish","type":"post","link":"https:\/\/www.europesays.com\/se\/218048\/","title":{"rendered":"S\u00e5 d\u00f6dade vi det socialdemokratiska Sverige"},"content":{"rendered":"<p><strong>KULTURESS\u00c4. <\/strong>Sveriges 1900-tals litteraturhistoria \u00e4r med n\u00e5gra f\u00e5 avvikelser avl\u00e4sbar mot Albert Bonniers f\u00f6rlags utgivning.\u00a0<\/p>\n<p>Undantag finns givetvis. Ofta \u00e4r undantagen de mest intressanta.<\/p>\n<p><strong>PO Enquist <\/strong>\u00e4r ett av dem.<\/p>\n<p>Hans lojalitet gentemot Norstedts var obruten fr\u00e5n debuten \u201dKristall\u00f6gat\u201d 1961 till \u201dLiknelseboken\u201d 2013. \u00c4ven trofastheten mot Expressen saknar motstycke, han b\u00f6rjade skriva d\u00e4r januari 1966 och slutade aldrig. Han uppr\u00e4tth\u00f6ll ocks\u00e5 solidariteten med socialdemokratin hela livet.<\/p>\n<p>I v\u00e5r tid \u00e4r det sv\u00e5rt att f\u00f6rst\u00e5 begreppet lojalitet.\u00a0<\/p>\n<p>Lojalitet med en id\u00e9, en politisk r\u00f6relse, en utgivare av tidningar eller b\u00f6cker?<\/p>\n<p>Jag var p\u00e5 samma f\u00f6rlag som Enquist under n\u00e5gra \u00e5r, han var 198 centimeter, jag 201 centimeter. Den n\u00e5got l\u00e4ngre fick m\u00f6ta den verkligt stora. Vi stod p\u00e5 f\u00f6rlagsfesterna och pratade ibland. Min blick var nog fylld av beundran. Alla ville st\u00e5 i hans kraftf\u00e4lt. Han var j\u00e4vligt snygg. Rolig. \u00d6dmjuk. En ovanlig kombination.\u00a0<\/p>\n<blockquote><p>Den friska lojaliteten. Ett undantagstillst\u00e5nd.<\/p><\/blockquote>\n<p>PO Enquist var nykter, han skrev en bok om det som utkom 2008 \u2013 \u201dEtt annat liv\u201d \u2013 den f\u00f6r\u00e4ndrade min blick p\u00e5 alkoholism. Han var d\u00e5 tillfrisknad sedan l\u00e4nge, men han hade sjukdomen.<\/p>\n<p>Han var mitt i smeten, mannen i grytan, aktiv i F\u00f6rfattarf\u00f6rbundet, Radion\u00e4mnden, statlig utredare, kritiker, journalist, hobbystatistiker och h\u00f6jdhoppare, k\u00e4nde alla, men f\u00f6rblev \u00f6dmjuk.<\/p>\n<p>En socialdemokrat \u00e4r alltid \u00f6dmjuk \u2013 ut\u00e5t sett.\u00a0<\/p>\n<p>Han skrev b\u00f6cker och artiklar som f\u00f6r\u00e4ndrade svenskarnas blick p\u00e5 sig sj\u00e4lva, men tillh\u00f6rde ocks\u00e5 v\u00e4rlden utanf\u00f6r folkhemmet, bodde tidvis i V\u00e4stberlin, Los Angeles, K\u00f6penhamn.<\/p>\n<p>Han bar p\u00e5 en erlandersk moral. F\u00f6r att tala v\u00e5r tids marknadslingo: Han var socialdemokratins outsourcade samvete.\u00a0<\/p>\n<p>\u00d6dmjukheten hos Enquist var st\u00f6rst i landet. Det var kanske, anar jag nu, en \u00f6verlevnadsstrategi.\u00a0<\/p>\n<p>Den friska lojaliteten. Ett undantagstillst\u00e5nd.\u00a0<\/p>\n<p>Sj\u00e4lv har jag bytt f\u00f6rlag fyra g\u00e5nger och vilken tidning jag skriver f\u00f6r? Det vet jag inte. Det v\u00e4xlar lika ofta som jag byter kalsonger. Jag \u00e4r inte unik. Vi h\u00e5ller p\u00e5 och larvar oss hela bunten. \u00c4ven de viktigaste r\u00f6sterna. Vilken blaska skriver exempelvis <strong>Cervenka<\/strong> f\u00f6r nu? \u00c4r <strong>Agri<\/strong> p\u00e5 Aftonbladet?<\/p>\n<p>En optimering av v\u00e5ra individuella r\u00f6sters varum\u00e4rken, n\u00e4r vi rusar vidare mot n\u00e4sta \u00f6gonblick.\u00a0<\/p>\n<p>Ett av m\u00e5nga exempel: Enquist visste v\u00e4rdet av att dyka upp tidigt, att stanna kvar, vara tyst och lyssna. En iakttagare. Han var p\u00e5 plats l\u00e5ngt innan alla andra under OS i M\u00fcnchen 1972. Han blev kvar i staden dagarna efter. Det var ett OS som f\u00f6r\u00e4ndrade v\u00e4rlden. Vi kan i boken \u201dKatedralen i M\u00fcnchen\u201d l\u00e4sa rapporteringen som \u00f6ver 50 \u00e5r senare \u00e4r rykande aktuell.\u00a0<\/p>\n<p>Annons<\/p>\n<p>Enquist skrev b\u00f6ckerna som i efterhand utg\u00f6r tidsdokumenten f\u00f6r v\u00e5r nations sv\u00e5ra fr\u00e5gor, \u00e4renden det inte funnits n\u00e5gra svar att ge p\u00e5, f\u00f6rutom litteratur. \u00a0<\/p>\n<p>Sagor fr\u00e5n ett Sverige som reformerades, ber\u00e4ttelser fr\u00e5n de inst\u00e4llda upprorens tid.\u00a0<\/p>\n<p>Han \u00e4r avl\u00e4sbar mot v\u00e5rt 1900-talssamvete. Han hade en l\u00e5ng och vacker ryggrad.<\/p>\n<p>Enquist var lojal med r\u00f6relsen. Det \u00e4r sett i backspegeln remarkabelt att han aldrig beg\u00e4rde uttr\u00e4de. 1975 sladdade han till bakom ratten, kantrade \u00f6ver i revolutionsromantik, ber\u00f6mde r\u00f6da khmerernas deporteringar \u2013 vilket han sedan \u00e5ngrade grovt.\u00a0<\/p>\n<p>Men han l\u00e4mnade aldrig. Det var r\u00f6relsen som n\u00e4stan l\u00e4mnade honom. Under IB-aff\u00e4ren.\u00a0<\/p>\n<p><img loading=\"lazy\"   alt=\"\"\/><\/p>\n<p>Olof Palme.<\/p>\n<p>Foto: BILDBYR\u00c5N<\/p>\n<p>\u00d6ppna bild i helsk\u00e4rm<\/p>\n<p>Socialdemokratin.<\/p>\n<p>Smaka p\u00e5 ordet och upplev mullret i djupet av din sj\u00e4l.<\/p>\n<p>Jag skulle s\u00e4ga att Sveriges 1900-talshistoria i stort \u00e4r avl\u00e4sbar mot Socialdemokraternas obrutna maktinnehav under 44 \u00e5r. Ingen minns hur det var innan. Efter\u00e5t bar alla p\u00e5 en reaktion.\u00a0<\/p>\n<p>Socialdemokratiska Arbetarepartiet hade monopol p\u00e5 realiteterna i det h\u00e4r landet. Med n\u00e5gra intressanta undantag formade de verklighetens kulisser.\u00a0<\/p>\n<p>Husen.\u00a0<\/p>\n<p>Spr\u00e5ket.<\/p>\n<p>Relationerna.<\/p>\n<p>Religionen.\u00a0<\/p>\n<p>L\u00f6netaken.<\/p>\n<p>Daghemmen.<\/p>\n<p>Kulturpolitiken.\u00a0<\/p>\n<p>Motorv\u00e4garna.<\/p>\n<p>Ber\u00e4ttelsen om v\u00e5rt land. Betong-Kr\u00f6sus. Allt socialdemokratin r\u00f6rde vid f\u00f6rvandlades till infrastruktur.\u00a0<\/p>\n<p>Vad detta maktinnehav p\u00e5 djupet inneburit f\u00f6r v\u00e5ra svenska sj\u00e4lar och liv \u00e4r fortfarande i stort sett ober\u00e4ttat. Vi begriper det inte riktigt \u00e4nnu, att v\u00e4rlden r\u00f6rt p\u00e5 sig snabbare \u00e4n v\u00e5r sj\u00e4lvbild.\u00a0<\/p>\n<p>Det som h\u00e4nder nu \u2013 i v\u00e5r tid \u2013 \u00e4r d\u00e4rf\u00f6r intressant. Den sista megalomana skjutj\u00e4rnsjournalisten har slutat panga, har slut p\u00e5 knallpulver. Krutr\u00f6ken l\u00e4gger sig s\u00e5 sakta. \u00a0<\/p>\n<p>En ny generation b\u00f6rjar nysta och ber\u00e4tta, med den v\u00e4lsignelse som finns i skrivandet n\u00e4r det inte tyngs av lojaliteter och gamla f\u00f6rest\u00e4llningar.<\/p>\n<p><img loading=\"lazy\"   alt=\"\"\/><\/p>\n<p>Avsp\u00e4rrningarna i h\u00f6rnet Sveav\u00e4gen\u2013Tunnelgatan efter mordet p\u00e5 Olof Palme.<\/p>\n<p>Foto: KARL MELANDER<\/p>\n<p>\u00d6ppna bild i helsk\u00e4rm<\/p>\n<p>Det var inte i februari 1986 Sverige dog.\u00a0<\/p>\n<p>I backspegeln g\u00e5r det att ana att Sverige redan varit ett levande lik i tio \u00e5r. N\u00e4r det socialdemokratiska maktinnehavet tog slut. 1976, efter 44 \u00e5r, f\u00f6r\u00e4ndrades allt. Valf\u00f6rlusten d\u00f6dade ett folkhem som stod i zenit.\u00a0<\/p>\n<p>Annons<\/p>\n<p>Palme fick en spricka i ansiktet och hatet kunde fl\u00f6da fritt.\u00a0<\/p>\n<p>Vem som sk\u00f6t honom?<\/p>\n<p>Jag kommer inte runt det. Att det \u00e4r irrelevant. Det var inte en singul\u00e4r h\u00e4ndelse. Vi stod inte ut med sp\u00f6ket.\u00a0<\/p>\n<p>Sp\u00f6ket socialdemokratin.\u00a0<\/p>\n<p><img loading=\"lazy\"   alt=\"\"\/><\/p>\n<p>Thorbj\u00f6rn F\u00e4lldin framf\u00f6r Barseb\u00e4ck.<\/p>\n<p>Foto: TORBJ\u00d6RN ANDERSSON<\/p>\n<p>\u00d6ppna bild i helsk\u00e4rm<\/p>\n<p>I slutet av 1960-talet, b\u00f6rjan av 70-talet r\u00f6star halva befolkningen p\u00e5 S. I ett neutralt och \u00f6dmjukt Sverige \u2013 p\u00e5 ytan. \u00c5t ena h\u00e5llet v\u00e4nsteravvikelser, \u00e5t det andra Thorbj\u00f6rn F\u00e4lldin.\u00a0<\/p>\n<p>Hur h\u00f6ll det ihop?\u00a0<\/p>\n<p>Partisplittring och kommunistiskt makt\u00f6vertagande var Palmes st\u00f6rsta skr\u00e4ck. Minnet efter Pragv\u00e5ren. Makt \u00e4r en sammanh\u00e5llande faktor f\u00f6r v\u00e4nsterr\u00f6relser. Makten vet att skapa lojaliteter. Makten \u00e4r av praktiska sk\u00e4l b\u00e5de \u00f6ver- och underjordisk.<\/p>\n<p>Under ytan, IB. Informationsbyr\u00e5n.<\/p>\n<p>Palme g\u00e5r hand i hand med Nordvietnams ambassad\u00f6r ena dagen och samarbetar med CIA och Israel den andra.<\/p>\n<p>En adelsman med sj\u00e4lvskadebeteende. Skyddad av lojalitetens vertikala integration.\u00a0<\/p>\n<p>Man kunde ljuga f\u00f6r journalister p\u00e5 ett annat s\u00e4tt p\u00e5 den tiden. Murvlarna fortfarande n\u00e4svist artiga och makten solid.\u00a0<\/p>\n<p><img loading=\"lazy\"   alt=\"\"\/><\/p>\n<p>Jan Guillou, Peter Bratt och Lennart Geijer efter \u201dKv\u00e4lls\u00f6ppet\u201d om IB-aff\u00e4ren, 1974.<\/p>\n<p>Foto: LARS NYBERG<\/p>\n<p>\u00d6ppna bild i helsk\u00e4rm<\/p>\n<p>IB-aff\u00e4ren, ett f\u00f6rsta rosth\u00e5l i den gl\u00e4nsande emaljen.\u00a0<\/p>\n<p>Det finns en minneslek jag utsattes f\u00f6r som barn: Ett antal f\u00f6rem\u00e5l p\u00e5 ett bord. En sax. Ett frim\u00e4rke. En bild p\u00e5 en journalists ansikte. Ett kommunistiskt sp\u00f6ke. Folket i Bild\/Kulturfront. En t\u00e4ndsticksask. En rulle tejp.\u00a0<\/p>\n<p>G\u00e5 ut ur rummet.<\/p>\n<p>Kom tillbaka efter 53 \u00e5r.\u00a0<\/p>\n<p>Titta igen.<\/p>\n<p>Det f\u00f6rflutna \u00e4r f\u00f6rsvunnet.<\/p>\n<p>Vad ser du f\u00f6r ditt inre?<\/p>\n<p>Journalistens ansikte. De uppkavlade \u00e4rmarna. Sj\u00e4lvf\u00f6rtroendet. Armmusklerna. \u00d6vermodet. Illojalitetens enda offentliga ansikte.\u00a0<\/p>\n<p>Men de dolda ansiktena fanns g\u00f6mda i varenda buske. Tusentals svenskar ute i landet angav sina kolleger p\u00e5 arbetsplatser och i fackf\u00f6reningar. Av ren lojalitet.<\/p>\n<p>Palme visste allt.\u00a0<\/p>\n<p>Annons<\/p>\n<p>IB-aff\u00e4ren<\/p>\n<p>1973 avsl\u00f6jade journalisterna Jan Guillou och Peter Bratt att det fanns en tidigare ok\u00e4nd underr\u00e4ttelseorganisation i Sverige, vars existens inte ens riksdagen k\u00e4nde till. Den hette IB och \u00e5siktsregistrerade v\u00e4nstersympatis\u00f6rer och hade spioner. Organisationen hade n\u00e4ra band till Socialdemokraterna.<\/p>\n<p>Visa mer<\/p>\n<p>Ett halvsekel har f\u00f6rflutit men byken har aldrig tv\u00e4ttats. Efterf\u00f6ljarna har burit lojalitetens smutstv\u00e4tt vidare.\u00a0<\/p>\n<p><a href=\"https:\/\/www.expressen.se\/tagg\/person\/olof-palme\/\" class=\"\" rel=\"nofollow noopener\" target=\"_blank\">Olof Palme<\/a>, 1969\u20131986.<\/p>\n<p><strong>Ingvar Carlsson<\/strong>, 1986\u20131996.<\/p>\n<p><strong>G\u00f6ran Persson<\/strong>, 1996\u20132007.<\/p>\n<p><strong>Mona Sahlin<\/strong>, 2007\u20132011<\/p>\n<p><strong>H\u00e5kan Juholt<\/strong>, 2011\u20132012.<\/p>\n<p><strong>Stefan L\u00f6fven<\/strong>, 2012\u20132021.<\/p>\n<p><strong>Magdalena Andersson<\/strong>, 2021\u2013<\/p>\n<p>PO Enquist tog strid mot socialdemokratin en g\u00e5ng: Under IB-aff\u00e4ren. D\u00e4r gick, n\u00e4stan, gr\u00e4nsen f\u00f6r hans lojalitet. Skulle Enquist bytt till Albert Bonniers eller Aftonbladet om han levde i v\u00e5r tid?<\/p>\n<p>Irrelevant.<\/p>\n<p>Han lever inte i v\u00e5r tid.\u00a0<\/p>\n<p>En ny generation socialdemokrater b\u00e4r vidare p\u00e5 ett uns av hemligheten: lojaliteten. Fr\u00e5ga vilken sosse som helst om IB.<\/p>\n<p>De vet n\u00e5got. K\u00e4nner skammens eftersvallningar. Precis som den vanem\u00e4ssigt \u00e5terfallande alkoholisten fruktar de det de innerst inne redan vet.\u00a0<\/p>\n<p>Att lojaliteten ocks\u00e5 \u00e4r en sjukdom.<\/p>\n<p><strong>Av Gunnar Ardelius<\/strong><\/p>\n<p>Gunnar Ardelius \u00e4r f\u00f6rfattare. Hans senaste bok \u00e4r \u201dEn dag av t\u00f6rst\u201d.<\/p>\n","protected":false},"excerpt":{"rendered":"KULTURESS\u00c4. Sveriges 1900-tals litteraturhistoria \u00e4r med n\u00e5gra f\u00e5 avvikelser avl\u00e4sbar mot Albert Bonniers f\u00f6rlags utgivning.\u00a0 Undantag finns givetvis.&hellip;\n","protected":false},"author":2,"featured_media":218049,"comment_status":"","ping_status":"","sticky":false,"template":"","format":"standard","meta":{"footnotes":"","_share_on_mastodon":"0"},"categories":[5],"tags":[22,23,26,27,17,21,24,25,28,29,15,16,542,14701,17434,3168,1207,14249,10135,17433,1601,17435,18,34,106,31,33,32,30,19,152,20],"class_list":["post-218048","post","type-post","status-publish","format-standard","has-post-thumbnail","category-rubriker","tag-breaking-news","tag-breakingnews","tag-featured-news","tag-featurednews","tag-headlines","tag-huvudnyheter","tag-latest-news","tag-latestnews","tag-main-news","tag-mainnews","tag-news","tag-nyheter","tag-organization-expressen","tag-person-goran-persson","tag-person-gunnar-ardelius","tag-person-hakan-juholt","tag-person-magdalena-andersson","tag-person-mona-sahlin","tag-person-olof-palme","tag-person-po-enquist","tag-person-stefan-lofven","tag-person-thorbjorn-falldin","tag-rubriker","tag-se","tag-sections-ide","tag-svenska","tag-sverige","tag-sweden","tag-swedish","tag-top-stories","tag-topic-inrikespolitik","tag-topstories"],"share_on_mastodon":{"url":"","error":"Validation failed: Text character limit of 500 exceeded"},"_links":{"self":[{"href":"https:\/\/www.europesays.com\/se\/wp-json\/wp\/v2\/posts\/218048","targetHints":{"allow":["GET"]}}],"collection":[{"href":"https:\/\/www.europesays.com\/se\/wp-json\/wp\/v2\/posts"}],"about":[{"href":"https:\/\/www.europesays.com\/se\/wp-json\/wp\/v2\/types\/post"}],"author":[{"embeddable":true,"href":"https:\/\/www.europesays.com\/se\/wp-json\/wp\/v2\/users\/2"}],"replies":[{"embeddable":true,"href":"https:\/\/www.europesays.com\/se\/wp-json\/wp\/v2\/comments?post=218048"}],"version-history":[{"count":0,"href":"https:\/\/www.europesays.com\/se\/wp-json\/wp\/v2\/posts\/218048\/revisions"}],"wp:featuredmedia":[{"embeddable":true,"href":"https:\/\/www.europesays.com\/se\/wp-json\/wp\/v2\/media\/218049"}],"wp:attachment":[{"href":"https:\/\/www.europesays.com\/se\/wp-json\/wp\/v2\/media?parent=218048"}],"wp:term":[{"taxonomy":"category","embeddable":true,"href":"https:\/\/www.europesays.com\/se\/wp-json\/wp\/v2\/categories?post=218048"},{"taxonomy":"post_tag","embeddable":true,"href":"https:\/\/www.europesays.com\/se\/wp-json\/wp\/v2\/tags?post=218048"}],"curies":[{"name":"wp","href":"https:\/\/api.w.org\/{rel}","templated":true}]}}