{"id":218145,"date":"2026-04-15T10:48:11","date_gmt":"2026-04-15T10:48:11","guid":{"rendered":"https:\/\/www.europesays.com\/se\/218145\/"},"modified":"2026-04-15T10:48:11","modified_gmt":"2026-04-15T10:48:11","slug":"vet-ni-vad-min-riktiga-laggning-ar-blottare","status":"publish","type":"post","link":"https:\/\/www.europesays.com\/se\/218145\/","title":{"rendered":"Vet ni vad min riktiga l\u00e4ggning \u00e4r? Blottare"},"content":{"rendered":"<p>Josefine Jinder<\/p>\n<p>Publicerad 15 apr 2026 kl 12.00<\/p>\n<p>Josefine Jinder lyssnar p\u00e5 Lena Dunham och f\u00f6rst\u00e5r om varf\u00f6r man om igen \u00f6ppnar sitt innersta.\u00a0<\/p>\n<p><img   alt=\"\"\/><\/p>\n<p>Lena Dunham utkommer i dag med den nya boken \u201dFamesick\u201d.<\/p>\n<p>Foto: HANNIBAL HANSCHKE \/ EPA<\/p>\n<p>\u00d6ppna bild i helsk\u00e4rm<img   alt=\"\"\/>Josefine Jinder<\/p>\n<p><strong>KULTURESS\u00c4. <\/strong>I s\u00f6ndags kom en intervju med en stark voice of my generation, som i dagarna sl\u00e4ppt den nya boken \u201dFamesick\u201d: <strong>Lena Dunham<\/strong> i New York Times \u201dThe Daily\u201d.\u00a0<\/p>\n<p>Jag sl\u00e4ngde mig \u00f6ver den lite ov\u00e4ntat k\u00e5t p\u00e5 att f\u00e5 spegla mig eftersom jag ocks\u00e5 upplevt mig vara b\u00e5de hatad, sjuk och pillertrillig. Som v\u00e4ntat blev det en symfoni av obehaglig igenk\u00e4nning. En timme och fyra minuters rys och mys. Jag blev avundsjuk ocks\u00e5. Hur kan man uttrycka sig s\u00e5 genomt\u00e4nkt och tydligt?\u00a0<\/p>\n<p>Hon \u00e4r imponerande sj\u00e4lvutl\u00e4mnande utan att vara det minsta sj\u00e4lv\u00f6mkande genom hela samtalet.\u00a0<\/p>\n<p>N\u00e4r hon s\u00e4ger att skuld, skam och sj\u00e4lvf\u00f6rakt st\u00e5r i direkt kontrast till hennes n\u00e4stan patologiska behov av att uttrycka sig, s\u00e5 f\u00f6rst\u00e5r jag dock inte varf\u00f6r det skulle vara en kontrast. Hon beskriver ett helt vanligt konstn\u00e4rligt grundtillst\u00e5nd. N\u00e4r n\u00e5got rasar kan n\u00e5got sant tr\u00e4da fram. Urs\u00e4kta men \u00e4r det inte d\u00e4rf\u00f6r konst finns? Jag f\u00e5r \u00e4ndl\u00f6s energi av sj\u00e4lvf\u00f6rakt och skam. Andra kanske tar en sobril. Jag \u00f6ppnar Ableton live. Sen tar jag en sobril. Lol. Det \u00e4r s\u00e5 det b\u00f6rjar och framf\u00f6r en h\u00e4grar en potentiell fallgrop.\u00a0<\/p>\n<p>F\u00f6r m\u00e5nga patologiskt uttrycksberoende \u00e4r sm\u00e4rta inte bara material utan br\u00e4nsle, och det \u00e4r d\u00e5 man l\u00e4tt hamnar i en \u00e4cklig rundg\u00e5ng av att inte l\u00e4ngre veta om man g\u00f6r n\u00e5got av sitt patetiska lilla inre, eller h\u00e5ller det vid liv f\u00f6r att ha n\u00e5gonting att g\u00f6ra. Eller s\u00e5 \u00e4r man bara emotionellt handikappad och m\u00e5ste omvandla sitt m\u00f6rker till materia f\u00f6r att man inte \u00e4r bra p\u00e5 n\u00e5got annat. Honestly, vem bryr sig? Det man bryr sig om \u00e4r v\u00e4l effekten. L\u00e4mnar man ett avtryck har man r\u00e4ttf\u00e4rdigat sin existens. G\u00f6r man inte det har man i alla fall gjort n\u00e5got. Till skillnad fr\u00e5n m\u00e5nga andra.<\/p>\n<blockquote><p>Ens namn slutar vara ens eget och blir i st\u00e4llet en symbol folk kan avreagera sig p\u00e5.<\/p><\/blockquote>\n<p>N\u00e4r hon s\u00e4ger att hennes namn b\u00f6rjade b\u00e4ra p\u00e5 negativa konnotationer s\u00e4tter hon fingret p\u00e5 en stor del av pissm\u00e5endet fame kommer med \u2013 och som ingen kan h\u00e5llas ansvarig f\u00f6r. Ens namn slutar vara ens eget och blir i st\u00e4llet en symbol folk kan avreagera sig p\u00e5. En beh\u00e5llare f\u00f6r irritation, kvinnohat, generations\u00e5ngest, klassf\u00f6rakt, moralpanik, vad som helst.\u00a0<\/p>\n<p>Aprop\u00e5 den nya boken hade Dunhams pappa sagt att vissa kommer k\u00e4nna att den \u201d\u00e4r f\u00f6r dem och andra kommer t\u00e4nka: varf\u00f6r h\u00e5ller hon inte bara k\u00e4ften?\u201d.\u00a0<\/p>\n<p>Han f\u00e5ngar samtiden. D\u00e4r \u00e4r deppigt. Det personliga man g\u00f6r blir antingen djupt mottaget eller provocerar. Det typ \u00e4r kultursidorna ocks\u00e5. I st\u00e4llet f\u00f6r att prata om boken \u201dJudas\u201d pratar man om hur n\u00e4ra <strong>Amanda Romare<\/strong> st\u00e5r ber\u00e4ttelsen, hur moraliskt godk\u00e4nd hon \u00e4r och om texten \u201df\u00e5r\u201d finnas utifr\u00e5n hennes liv. Till exempel. S\u00e5 j\u00e4vla infantilt.<\/p>\n<p>Och s\u00e5 st\u00e5r man d\u00e4r igen: med ett till namn som upph\u00f6rt att vara ett namn och i st\u00e4llet blivit en pappdocka f\u00f6r andras behov att h\u00e4vda sig. Det finns en kategori m\u00e4nniskor, d\u00e4r r\u00e4knar jag absolut in mig sj\u00e4lv, som inte i f\u00f6rsta hand d\u00f6ms f\u00f6r vad dom g\u00f6r, utan snarare f\u00f6r sin frekvens. Normen \u00e4r en fascistisk equalizer och Lena Dunham (eller Romare f\u00f6r den delen) var nog inte hatad f\u00f6r vad hon sa eller skrev p\u00e5 2010-talet, utan f\u00f6r hur hon fanns.<\/p>\n<p><img loading=\"lazy\"   alt=\"\"\/><\/p>\n<p>Amanda Romares \u201dJudas\u201d har varit en av v\u00e5rens mest omdiskuterade b\u00f6cker.<\/p>\n<p>Foto: Johan Nilsson \/ TT<\/p>\n<p>\u00d6ppna bild i helsk\u00e4rm<\/p>\n<p>Hon s\u00e4ger att sjukdom, precis som fame, g\u00f6r att ens v\u00e4rld krymper och b\u00f6rjar kretsa n\u00e4stan helt kring sig sj\u00e4lv. Det var lite det jag f\u00f6rs\u00f6kte s\u00e4ga med min ifr\u00e5gasatta <a href=\"https:\/\/www.expressen.se\/tagg\/organization\/ozempic\/\" class=\"\" rel=\"nofollow noopener\" target=\"_blank\">Ozempic<\/a>-text. N\u00e4r kroppen inte l\u00e4ngre \u00e4r n\u00e5got man har, utan n\u00e5got som definierar sj\u00e4lvbilden, samtidigt som det \u00e4r sv\u00e5rt f\u00f6r andra att f\u00f6rst\u00e5 det verkliga i det man genomlider, uppst\u00e5r en dissonans som isolerar och f\u00f6rv\u00e4rrar sj\u00e4lva tillst\u00e5ndet. \u00a0<\/p>\n<p>Annons<\/p>\n<p>Det \u00e4r det som \u00e4r famesickness.\u00a0<\/p>\n<p>Man blir f\u00e5ngad i b\u00e5de kroppen och skammen \u00f6ver att det som p\u00e5g\u00e5r verkar sj\u00e4lvupptaget f\u00f6r andra. Omgivningens blick blir of\u00f6rst\u00e5ende, oroad, lite nedl\u00e5tande, och den blicken alienerar. Jag tror det g\u00e4ller allt som \u00e4r sv\u00e5r\u00e4lskat: psykiska problem, kvinnoh\u00e4lsa. F\u00f6r att inte tala om postcovid, relationskaos, och det utskrattade fenomenet som inte ens finns l\u00e4ngre: utbr\u00e4ndhet. Allt som inte kan paketeras snyggt.\u00a0<\/p>\n<blockquote><p>Det \u00e4r j\u00e4ttel\u00e4tt att f\u00f6rv\u00e4xla sj\u00e4lvmedicinering med f\u00f6r\u00e4lskelse.<\/p><\/blockquote>\n<p>Om det \u00e4r s\u00e5 jobbigt, jobba med n\u00e5got annat d\u00e5? S\u00e4ger kanske n\u00e5gon. Ok. Om det \u00e4r s\u00e5 jobbigt att leva med n\u00e5gon du \u00e4lskar \u2013 sluta med det d\u00e5? Relation efter relation fr\u00e5gar jag mig varf\u00f6r jag dras till dynamiker som g\u00f6r mig os\u00e4ker n\u00e4r det jag l\u00e4ngtar efter \u00e4r motsatsen, likt s\u00e4ttet jag blottar mig fast jag sk\u00e4ms \u00f6ver det. Jag tror inte att det \u00e4r \u201dtraumabondning\u201d. Det \u00e4r \u00e4nnu sorgligare! In kommer: hoppets f\u00f6rnedrande logik.\u00a0<\/p>\n<p>Man t\u00e4nker att om man bara klarar det h\u00e4r, f\u00f6rst\u00e5r det h\u00e4r, st\u00e5r ut med det h\u00e4r, s\u00e5 kommer det bli bra sen! Det \u00e4r en romantisk illusion. Om han vill vara med mig s\u00e5 blir jag r\u00e4ddad. Om den h\u00e4r skiten jag skapar som ingen bryr sig om blir bra kommer jag bli fri sen.\u00a0<\/p>\n<p>Det \u00e4r j\u00e4ttel\u00e4tt att f\u00f6rv\u00e4xla sj\u00e4lvmedicinering med f\u00f6r\u00e4lskelse. Mitt sommarprat (kan jag f\u00e5 g\u00f6ra ett nytt, jag sk\u00e4ms) b\u00f6rjade \u201dJag \u00e4r inte mig sj\u00e4lv just nu. Jag \u00e4r psykotiskt nyk\u00e4r\u201d. \u00c4r vi ihop i dag? Nej. Var det k\u00e4rlek? Vet ej. Var det pinsamt n\u00e4r det tog slut? Ja.\u00a0<\/p>\n<p>Det v\u00e4rsta med att exponera sig offentligt \u00e4r att kanske bli f\u00f6r\u00f6dmjukad. Att k\u00e4nna sig orimligt exponerad i sitt allm\u00e4nm\u00e4nskliga behov. Det \u00e4r d\u00e4rf\u00f6r man blir k\u00e4nslig och kanske skygg. I v\u00e4rsta fall sjuk. Jag sa bara n\u00e5got. Jag gjorde bara n\u00e5got. D\u00f6m mig inte. Allt man g\u00f6r handlar inte alltid om ego. Det \u00e4r ot\u00e4ckt att blotta sig! \u00c5terigen: var inte blottare d\u00e5? F\u00f6r vissa \u00e4r det inte ett val. Det \u00e4r en l\u00e4ggning. Uppr\u00e4tta g\u00e4rna ett rehab, jag checkar in och citerar Lena Dunham n\u00e4r de fr\u00e5gar vad jag g\u00f6r d\u00e4r: \u201dI was worried about humiliation happening everywhere.\u201d<\/p>\n<p>Josefine Jinder \u00e4r musiker och skribent p\u00e5 Expressens kultursida.<\/p>\n","protected":false},"excerpt":{"rendered":"Josefine Jinder Publicerad 15 apr 2026 kl 12.00 Josefine Jinder lyssnar p\u00e5 Lena Dunham och f\u00f6rst\u00e5r om varf\u00f6r&hellip;\n","protected":false},"author":2,"featured_media":218146,"comment_status":"","ping_status":"","sticky":false,"template":"","format":"standard","meta":{"footnotes":"","_share_on_mastodon":"0"},"categories":[67],"tags":[104,699,144,11664,6441,12709,34,6727,31,33,32,30,547,105],"class_list":["post-218145","post","type-post","status-publish","format-standard","has-post-thumbnail","category-underhallning","tag-entertainment","tag-organization-new-york-times","tag-organization-ozempic","tag-person-amanda-romare","tag-person-josefine-jinder","tag-person-lena-dunham","tag-se","tag-sections-josefinejinder","tag-svenska","tag-sverige","tag-sweden","tag-swedish","tag-topic-karlek-relationer","tag-underhallning"],"share_on_mastodon":{"url":"https:\/\/pubeurope.com\/@se\/116408333300098143","error":""},"_links":{"self":[{"href":"https:\/\/www.europesays.com\/se\/wp-json\/wp\/v2\/posts\/218145","targetHints":{"allow":["GET"]}}],"collection":[{"href":"https:\/\/www.europesays.com\/se\/wp-json\/wp\/v2\/posts"}],"about":[{"href":"https:\/\/www.europesays.com\/se\/wp-json\/wp\/v2\/types\/post"}],"author":[{"embeddable":true,"href":"https:\/\/www.europesays.com\/se\/wp-json\/wp\/v2\/users\/2"}],"replies":[{"embeddable":true,"href":"https:\/\/www.europesays.com\/se\/wp-json\/wp\/v2\/comments?post=218145"}],"version-history":[{"count":0,"href":"https:\/\/www.europesays.com\/se\/wp-json\/wp\/v2\/posts\/218145\/revisions"}],"wp:featuredmedia":[{"embeddable":true,"href":"https:\/\/www.europesays.com\/se\/wp-json\/wp\/v2\/media\/218146"}],"wp:attachment":[{"href":"https:\/\/www.europesays.com\/se\/wp-json\/wp\/v2\/media?parent=218145"}],"wp:term":[{"taxonomy":"category","embeddable":true,"href":"https:\/\/www.europesays.com\/se\/wp-json\/wp\/v2\/categories?post=218145"},{"taxonomy":"post_tag","embeddable":true,"href":"https:\/\/www.europesays.com\/se\/wp-json\/wp\/v2\/tags?post=218145"}],"curies":[{"name":"wp","href":"https:\/\/api.w.org\/{rel}","templated":true}]}}