{"id":21815,"date":"2025-09-04T12:12:10","date_gmt":"2025-09-04T12:12:10","guid":{"rendered":"https:\/\/www.europesays.com\/se\/21815\/"},"modified":"2025-09-04T12:12:10","modified_gmt":"2025-09-04T12:12:10","slug":"visar-intresse-for-frolundas-forward","status":"publish","type":"post","link":"https:\/\/www.europesays.com\/se\/21815\/","title":{"rendered":"Visar intresse f\u00f6r Fr\u00f6lundas forward"},"content":{"rendered":"<p><strong>Fr\u00f6lundaforwarden Wiktor Nilsson har petats i CHL av nya huvudtr\u00e4naren Robert Ohlsson.<br \/>Nu <a href=\"https:\/\/www.gp.se\/sport\/ishockey\/frolunda\/robert-ohlsson-forklarar-petningen-av-wiktor-nilsson.6fc57ec5-782e-4df3-93f4-3704b1ede8bc\" rel=\"nofollow noopener\" target=\"_blank\">rapporterar G\u00f6teborgs-Posten<\/a> att b\u00e5de Djurg\u00e5rden och Bj\u00f6rkl\u00f6ven visat intresse f\u00f6r forwarden.<\/strong><\/p>\n<p><img loading=\"lazy\" decoding=\"async\" width=\"1024\" height=\"658\" src=\"https:\/\/www.europesays.com\/se\/wp-content\/uploads\/2025\/09\/250812MI106-1024x658.webp.webp\" alt=\"Wiktor Nilsson\" class=\"wp-image-301327\"  \/>Wiktor Nilsson.<br \/><strong>Foto:<\/strong> Michael Erichsen\/Bildbyr\u00e5n<\/p>\n<p>Fr\u00f6lunda har en minst sagt tuff konkurrenssituation p\u00e5 forwardssidan med 17 forwards p\u00e5 avtal den h\u00e4r s\u00e4songen. Konkurrensen har blivit k\u00e4nnbar f\u00f6r <a href=\"https:\/\/hockeysverige.se\/spelare\/wiktor-nilsson\/\" rel=\"nofollow noopener\" target=\"_blank\">Wiktor Nilsson<\/a>, som under inledningen av <a href=\"https:\/\/hockeysverige.se\/champions-hockey-league\/\" rel=\"nofollow noopener\" target=\"_blank\">CHL<\/a>:s grundserie f\u00e5tt finna sig i att bli petad och st\u00e4llas utanf\u00f6r matchtruppen av nya huvudtr\u00e4naren Robert Ohlsson.<\/p>\n<p>Enligt G\u00f6teborgs-Posten har nu <a href=\"https:\/\/hockeysverige.se\/shl\/\" rel=\"nofollow noopener\" target=\"_blank\">SHL<\/a>-nykomlingen <a href=\"https:\/\/hockeysverige.se\/klubb\/djurgardens-if-hockey\/\" rel=\"nofollow noopener\" target=\"_blank\">Djurg\u00e5rden<\/a> samt hockeyallsvenska <a href=\"https:\/\/hockeysverige.se\/klubb\/if-bjorkloven\/\" rel=\"nofollow noopener\" target=\"_blank\">Bj\u00f6rkl\u00f6ven<\/a> h\u00f6rt sig f\u00f6r kring Nilsson.<\/p>\n<p>\u2013 Det \u00e4r inget som jag f\u00e5tt h\u00f6ra i alla fall, s\u00e4ger Nilsson till tidningen.<\/p>\n<p>F\u00f6ljer med laget p\u00e5 CHL-turn\u00e9n<\/p>\n<p>I skrivande stund har Fr\u00f6lunda tre forwards p\u00e5 skadelistan i form av Isac Born, Linus Weissbach och Gustav Rydahl. Det \u00f6ppnar f\u00f6r att Nilsson kan komma att f\u00e5 speltid under Fr\u00f6lundas bortaturn\u00e9 i CHL mot Tychy och Sparta Prag.<\/p>\n<p>\u2013 Vi f\u00e5r se om han spelar n\u00e5n av matcherna i CHL, vi \u00e5ker ner med 14 forwards. Samtidigt har vi sagt att vi spelar b\u00e4sta laget i CHL, s\u00e4ger tr\u00e4naren Robert Ohlsson.<\/p>\n<p>Wiktor Nilsson v\u00e4rvades av Fr\u00f6lunda fr\u00e5n Djurg\u00e5rden inf\u00f6r f\u00f6rra s\u00e4songen. D\u00e5 blev det sex po\u00e4ng p\u00e5 32 matcher under en skadefylld debuts\u00e4song i G\u00f6teborgsklubben. Nilssons avtal med Fr\u00f6lunda l\u00f6per ut efter s\u00e4songen.<\/p>\n","protected":false},"excerpt":{"rendered":"Fr\u00f6lundaforwarden Wiktor Nilsson har petats i CHL av nya huvudtr\u00e4naren Robert Ohlsson.Nu rapporterar G\u00f6teborgs-Posten att b\u00e5de Djurg\u00e5rden och&hellip;\n","protected":false},"author":2,"featured_media":21816,"comment_status":"","ping_status":"","sticky":false,"template":"","format":"standard","meta":{"footnotes":""},"categories":[68],"tags":[621,34,133,134,111,110,31,33,32,30],"class_list":{"0":"post-21815","1":"post","2":"type-post","3":"status-publish","4":"format-standard","5":"has-post-thumbnail","7":"category-sport","8":"tag-hockeyallsvenskan","9":"tag-se","10":"tag-second-news","11":"tag-shl","12":"tag-sport","13":"tag-sports","14":"tag-svenska","15":"tag-sverige","16":"tag-sweden","17":"tag-swedish"},"share_on_mastodon":{"url":"","error":""},"_links":{"self":[{"href":"https:\/\/www.europesays.com\/se\/wp-json\/wp\/v2\/posts\/21815","targetHints":{"allow":["GET"]}}],"collection":[{"href":"https:\/\/www.europesays.com\/se\/wp-json\/wp\/v2\/posts"}],"about":[{"href":"https:\/\/www.europesays.com\/se\/wp-json\/wp\/v2\/types\/post"}],"author":[{"embeddable":true,"href":"https:\/\/www.europesays.com\/se\/wp-json\/wp\/v2\/users\/2"}],"replies":[{"embeddable":true,"href":"https:\/\/www.europesays.com\/se\/wp-json\/wp\/v2\/comments?post=21815"}],"version-history":[{"count":0,"href":"https:\/\/www.europesays.com\/se\/wp-json\/wp\/v2\/posts\/21815\/revisions"}],"wp:featuredmedia":[{"embeddable":true,"href":"https:\/\/www.europesays.com\/se\/wp-json\/wp\/v2\/media\/21816"}],"wp:attachment":[{"href":"https:\/\/www.europesays.com\/se\/wp-json\/wp\/v2\/media?parent=21815"}],"wp:term":[{"taxonomy":"category","embeddable":true,"href":"https:\/\/www.europesays.com\/se\/wp-json\/wp\/v2\/categories?post=21815"},{"taxonomy":"post_tag","embeddable":true,"href":"https:\/\/www.europesays.com\/se\/wp-json\/wp\/v2\/tags?post=21815"}],"curies":[{"name":"wp","href":"https:\/\/api.w.org\/{rel}","templated":true}]}}