{"id":218338,"date":"2026-04-15T14:41:09","date_gmt":"2026-04-15T14:41:09","guid":{"rendered":"https:\/\/www.europesays.com\/se\/218338\/"},"modified":"2026-04-15T14:41:09","modified_gmt":"2026-04-15T14:41:09","slug":"oppnar-hormuz-for-kinas-skull","status":"publish","type":"post","link":"https:\/\/www.europesays.com\/se\/218338\/","title":{"rendered":"\u00d6ppnar Hormuz f\u00f6r Kinas skull"},"content":{"rendered":"<p>\u201dKina \u00e4r v\u00e4ldigt glada att jag permanent \u00f6ppnar Hormuzsundet. Jag g\u00f6r det f\u00f6r dem\u201d, skriver president Donald Trump i ett inl\u00e4gg p\u00e5 sin egen sociala medier-plattform. Han utlovar samtidigt att den nuvarande situationen aldrig kommer upprepas. Presidenten f\u00f6rv\u00e4ntar sig ocks\u00e5 en \u201dstor, fet kram\u201d av Kinas president Xi Jinping som tack.<\/p>\n<p>Inl\u00e4gget kommer efter att han \u00e4ven h\u00e4vdat att kriget n\u00e4rmar sig ett slut.<\/p>\n<p>Omni \u00e4r politiskt obundna och oberoende. Vi str\u00e4var efter att ge fler perspektiv p\u00e5 nyheterna. Har du fr\u00e5gor eller synpunkter kring v\u00e5r rapportering? <a href=\"https:\/\/omni.se\/trump-oppnar-hormuz-for-kinas-skull\/a\/mailto:redaktion@omni.se\" class=\"ArticleActions_contactLink__W2F1M\" rel=\"nofollow noopener\" target=\"_blank\">Kontakta redaktionen<\/a><\/p>\n","protected":false},"excerpt":{"rendered":"\u201dKina \u00e4r v\u00e4ldigt glada att jag permanent \u00f6ppnar Hormuzsundet. Jag g\u00f6r det f\u00f6r dem\u201d, skriver president Donald Trump&hellip;\n","protected":false},"author":2,"featured_media":218339,"comment_status":"","ping_status":"","sticky":false,"template":"","format":"standard","meta":{"footnotes":"","_share_on_mastodon":"0"},"categories":[5],"tags":[420,22,23,385,26,27,17,21,1530,549,24,25,28,29,124,125,15,268,16,18,34,31,33,32,30,19,20,74,2223],"class_list":["post-218338","post","type-post","status-publish","format-standard","has-post-thumbnail","category-rubriker","tag-asien","tag-breaking-news","tag-breakingnews","tag-donald-trump","tag-featured-news","tag-featurednews","tag-headlines","tag-huvudnyheter","tag-iran","tag-kina","tag-latest-news","tag-latestnews","tag-main-news","tag-mainnews","tag-mellanostern","tag-mellanosternkrisen","tag-news","tag-nordamerika","tag-nyheter","tag-rubriker","tag-se","tag-svenska","tag-sverige","tag-sweden","tag-swedish","tag-top-stories","tag-topstories","tag-usa","tag-xi-jinping"],"share_on_mastodon":{"url":"https:\/\/pubeurope.com\/@se\/116409249689850937","error":""},"_links":{"self":[{"href":"https:\/\/www.europesays.com\/se\/wp-json\/wp\/v2\/posts\/218338","targetHints":{"allow":["GET"]}}],"collection":[{"href":"https:\/\/www.europesays.com\/se\/wp-json\/wp\/v2\/posts"}],"about":[{"href":"https:\/\/www.europesays.com\/se\/wp-json\/wp\/v2\/types\/post"}],"author":[{"embeddable":true,"href":"https:\/\/www.europesays.com\/se\/wp-json\/wp\/v2\/users\/2"}],"replies":[{"embeddable":true,"href":"https:\/\/www.europesays.com\/se\/wp-json\/wp\/v2\/comments?post=218338"}],"version-history":[{"count":0,"href":"https:\/\/www.europesays.com\/se\/wp-json\/wp\/v2\/posts\/218338\/revisions"}],"wp:featuredmedia":[{"embeddable":true,"href":"https:\/\/www.europesays.com\/se\/wp-json\/wp\/v2\/media\/218339"}],"wp:attachment":[{"href":"https:\/\/www.europesays.com\/se\/wp-json\/wp\/v2\/media?parent=218338"}],"wp:term":[{"taxonomy":"category","embeddable":true,"href":"https:\/\/www.europesays.com\/se\/wp-json\/wp\/v2\/categories?post=218338"},{"taxonomy":"post_tag","embeddable":true,"href":"https:\/\/www.europesays.com\/se\/wp-json\/wp\/v2\/tags?post=218338"}],"curies":[{"name":"wp","href":"https:\/\/api.w.org\/{rel}","templated":true}]}}