{"id":21856,"date":"2025-09-04T13:04:11","date_gmt":"2025-09-04T13:04:11","guid":{"rendered":"https:\/\/www.europesays.com\/se\/21856\/"},"modified":"2025-09-04T13:04:11","modified_gmt":"2025-09-04T13:04:11","slug":"kvinna-hittad-dod-polisen-utreder-mord","status":"publish","type":"post","link":"https:\/\/www.europesays.com\/se\/21856\/","title":{"rendered":"Kvinna hittad d\u00f6d \u2013 polisen utreder mord"},"content":{"rendered":"<p>En kvinna hittades d\u00f6d i en bostad i V\u00e4ster\u00e5s p\u00e5 onsdagskv\u00e4llen, skriver polisen p\u00e5 sin hemsida. <\/p>\n<p>Polisen uppger att de inte kan utesluta brott s\u00e5 en f\u00f6runders\u00f6kning g\u00e4llande mord \u00e4r inledd. <\/p>\n<p>En man grips och anh\u00f6lls under natten.<\/p>\n<p>Omni \u00e4r politiskt obundna och oberoende. Vi str\u00e4var efter att ge fler perspektiv p\u00e5 nyheterna. Har du fr\u00e5gor eller synpunkter kring v\u00e5r rapportering? <a href=\"https:\/\/omni.se\/kvinna-hittad-dod-polisen-utreder-mord\/a\/mailto:redaktion@omni.se\" class=\"ArticleActions_contactLink__W2F1M\" rel=\"nofollow noopener\" target=\"_blank\">Kontakta redaktionen<\/a><\/p>\n","protected":false},"excerpt":{"rendered":"En kvinna hittades d\u00f6d i en bostad i V\u00e4ster\u00e5s p\u00e5 onsdagskv\u00e4llen, skriver polisen p\u00e5 sin hemsida. Polisen uppger&hellip;\n","protected":false},"author":2,"featured_media":21857,"comment_status":"","ping_status":"","sticky":false,"template":"","format":"standard","meta":{"footnotes":""},"categories":[14],"tags":[22,23,26,27,17,21,24,25,28,29,15,16,18,34,31,33,32,30,19,20,51,2648,2649,52,53,54],"class_list":{"0":"post-21856","1":"post","2":"type-post","3":"status-publish","4":"format-standard","5":"has-post-thumbnail","7":"category-varlden","8":"tag-breaking-news","9":"tag-breakingnews","10":"tag-featured-news","11":"tag-featurednews","12":"tag-headlines","13":"tag-huvudnyheter","14":"tag-latest-news","15":"tag-latestnews","16":"tag-main-news","17":"tag-mainnews","18":"tag-news","19":"tag-nyheter","20":"tag-rubriker","21":"tag-se","22":"tag-svenska","23":"tag-sverige","24":"tag-sweden","25":"tag-swedish","26":"tag-top-stories","27":"tag-topstories","28":"tag-varlden","29":"tag-vasteras","30":"tag-vastmanland","31":"tag-world","32":"tag-world-news","33":"tag-worldnews"},"share_on_mastodon":{"url":"","error":""},"_links":{"self":[{"href":"https:\/\/www.europesays.com\/se\/wp-json\/wp\/v2\/posts\/21856","targetHints":{"allow":["GET"]}}],"collection":[{"href":"https:\/\/www.europesays.com\/se\/wp-json\/wp\/v2\/posts"}],"about":[{"href":"https:\/\/www.europesays.com\/se\/wp-json\/wp\/v2\/types\/post"}],"author":[{"embeddable":true,"href":"https:\/\/www.europesays.com\/se\/wp-json\/wp\/v2\/users\/2"}],"replies":[{"embeddable":true,"href":"https:\/\/www.europesays.com\/se\/wp-json\/wp\/v2\/comments?post=21856"}],"version-history":[{"count":0,"href":"https:\/\/www.europesays.com\/se\/wp-json\/wp\/v2\/posts\/21856\/revisions"}],"wp:featuredmedia":[{"embeddable":true,"href":"https:\/\/www.europesays.com\/se\/wp-json\/wp\/v2\/media\/21857"}],"wp:attachment":[{"href":"https:\/\/www.europesays.com\/se\/wp-json\/wp\/v2\/media?parent=21856"}],"wp:term":[{"taxonomy":"category","embeddable":true,"href":"https:\/\/www.europesays.com\/se\/wp-json\/wp\/v2\/categories?post=21856"},{"taxonomy":"post_tag","embeddable":true,"href":"https:\/\/www.europesays.com\/se\/wp-json\/wp\/v2\/tags?post=21856"}],"curies":[{"name":"wp","href":"https:\/\/api.w.org\/{rel}","templated":true}]}}