{"id":21894,"date":"2025-09-04T13:38:07","date_gmt":"2025-09-04T13:38:07","guid":{"rendered":"https:\/\/www.europesays.com\/se\/21894\/"},"modified":"2025-09-04T13:38:07","modified_gmt":"2025-09-04T13:38:07","slug":"dodssiffran-i-afghanistan-fortsatter-att-stiga","status":"publish","type":"post","link":"https:\/\/www.europesays.com\/se\/21894\/","title":{"rendered":"D\u00f6dssiffran i Afghanistan forts\u00e4tter att stiga"},"content":{"rendered":"<p>D\u00f6dssiffran i Aghanistan stiger till 2\u202f200 efter jordskalvet i m\u00e5ndags, enligt talibanstyret. Det rapporterar AP.<\/p>\n<p>Den stora majoriteten av offren var hemmah\u00f6rande i den bergiga Kunarprovinsen n\u00e4ra gr\u00e4nsen mot Pakistan. Ol\u00e4ndig terr\u00e4ng har f\u00f6rv\u00e5rat f\u00f6r r\u00e4ddningsinsatsen. Dessutom har n\u00e4rvaron av hj\u00e4lporganisationer minskat kraftigt efter att talibanerna tog \u00f6ver makten.<\/p>\n<p>Omni \u00e4r politiskt obundna och oberoende. Vi str\u00e4var efter att ge fler perspektiv p\u00e5 nyheterna. Har du fr\u00e5gor eller synpunkter kring v\u00e5r rapportering? <a href=\"https:\/\/omni.se\/dodssiffran-i-afghanistan-fortsatter-att-stiga\/a\/mailto:redaktion@omni.se\" class=\"ArticleActions_contactLink__W2F1M\" rel=\"nofollow noopener\" target=\"_blank\">Kontakta redaktionen<\/a><\/p>\n","protected":false},"excerpt":{"rendered":"D\u00f6dssiffran i Aghanistan stiger till 2\u202f200 efter jordskalvet i m\u00e5ndags, enligt talibanstyret. Det rapporterar AP. Den stora majoriteten&hellip;\n","protected":false},"author":2,"featured_media":21895,"comment_status":"","ping_status":"","sticky":false,"template":"","format":"standard","meta":{"footnotes":""},"categories":[5],"tags":[2651,420,22,23,26,27,17,21,24,25,28,29,15,16,18,34,31,33,32,30,19,20],"class_list":{"0":"post-21894","1":"post","2":"type-post","3":"status-publish","4":"format-standard","5":"has-post-thumbnail","7":"category-rubriker","8":"tag-afghanistan","9":"tag-asien","10":"tag-breaking-news","11":"tag-breakingnews","12":"tag-featured-news","13":"tag-featurednews","14":"tag-headlines","15":"tag-huvudnyheter","16":"tag-latest-news","17":"tag-latestnews","18":"tag-main-news","19":"tag-mainnews","20":"tag-news","21":"tag-nyheter","22":"tag-rubriker","23":"tag-se","24":"tag-svenska","25":"tag-sverige","26":"tag-sweden","27":"tag-swedish","28":"tag-top-stories","29":"tag-topstories"},"share_on_mastodon":{"url":"","error":""},"_links":{"self":[{"href":"https:\/\/www.europesays.com\/se\/wp-json\/wp\/v2\/posts\/21894","targetHints":{"allow":["GET"]}}],"collection":[{"href":"https:\/\/www.europesays.com\/se\/wp-json\/wp\/v2\/posts"}],"about":[{"href":"https:\/\/www.europesays.com\/se\/wp-json\/wp\/v2\/types\/post"}],"author":[{"embeddable":true,"href":"https:\/\/www.europesays.com\/se\/wp-json\/wp\/v2\/users\/2"}],"replies":[{"embeddable":true,"href":"https:\/\/www.europesays.com\/se\/wp-json\/wp\/v2\/comments?post=21894"}],"version-history":[{"count":0,"href":"https:\/\/www.europesays.com\/se\/wp-json\/wp\/v2\/posts\/21894\/revisions"}],"wp:featuredmedia":[{"embeddable":true,"href":"https:\/\/www.europesays.com\/se\/wp-json\/wp\/v2\/media\/21895"}],"wp:attachment":[{"href":"https:\/\/www.europesays.com\/se\/wp-json\/wp\/v2\/media?parent=21894"}],"wp:term":[{"taxonomy":"category","embeddable":true,"href":"https:\/\/www.europesays.com\/se\/wp-json\/wp\/v2\/categories?post=21894"},{"taxonomy":"post_tag","embeddable":true,"href":"https:\/\/www.europesays.com\/se\/wp-json\/wp\/v2\/tags?post=21894"}],"curies":[{"name":"wp","href":"https:\/\/api.w.org\/{rel}","templated":true}]}}