{"id":219433,"date":"2026-04-16T14:22:16","date_gmt":"2026-04-16T14:22:16","guid":{"rendered":"https:\/\/www.europesays.com\/se\/219433\/"},"modified":"2026-04-16T14:22:16","modified_gmt":"2026-04-16T14:22:16","slug":"svart-rida-och-blue-age-klara-for-lilla-scenen-pa-sommarfest","status":"publish","type":"post","link":"https:\/\/www.europesays.com\/se\/219433\/","title":{"rendered":"Svart Rid\u00e5 och Blue Age klara f\u00f6r Lilla scenen p\u00e5 Sommarfest"},"content":{"rendered":"<p><strong>Svart Rid\u00e5 \u2013 hyllad indierock som tagit Sverige med storm<\/strong><\/p>\n<p class=\"font-normal\">Svart Rid\u00e5 beskrivs ofta som den nya v\u00e5gens fr\u00e4msta representanter f\u00f6r svensk indierock. Med sitt andra album Aponia har de p\u00e5 kort tid g\u00e5tt fr\u00e5n hyllade debutanter till en tungviktare i musikv\u00e4rlden. Framg\u00e5ngarna m\u00e4rks inte minst p\u00e5 prisgalorna. P\u00e5 Manifestgalan nominerades de f\u00f6r b\u00e5de \u00c5rets rock och \u00c5rets textf\u00f6rfattare, och nyligen blev de stora vinnare vid GAFFA-priset 2026 med vinster f\u00f6r \u00c5rets album, \u00c5rets artist och \u00c5rets rock.<\/p>\n<p class=\"font-normal\">Deras musik \u00e4r en explosion av gitarrsolon och f\u00e4stande popslingor som m\u00f6ter m\u00f6rka, introverta texter. Efter att ha turnerat med Markus Kruneg\u00e5rd och gjort ett hyllat framtr\u00e4dande i Musikhj\u00e4lpen \u00e4r de nu aktuella med singeln I \u00f6gats ljus som spelas flitigt i P3. Turnerandet forts\u00e4tter under hela 2026 och i juni f\u00e5r du uppleva dem i Str\u00e4ngn\u00e4s.<\/p>\n","protected":false},"excerpt":{"rendered":"Svart Rid\u00e5 \u2013 hyllad indierock som tagit Sverige med storm Svart Rid\u00e5 beskrivs ofta som den nya v\u00e5gens&hellip;\n","protected":false},"author":2,"featured_media":219434,"comment_status":"","ping_status":"","sticky":false,"template":"","format":"standard","meta":{"footnotes":"","_share_on_mastodon":"0"},"categories":[67],"tags":[104,34,1546,31,33,32,30,105],"class_list":["post-219433","post","type-post","status-publish","format-standard","has-post-thumbnail","category-underhallning","tag-entertainment","tag-se","tag-strangnas","tag-svenska","tag-sverige","tag-sweden","tag-swedish","tag-underhallning"],"share_on_mastodon":{"url":"https:\/\/pubeurope.com\/@se\/116414837326074677","error":""},"_links":{"self":[{"href":"https:\/\/www.europesays.com\/se\/wp-json\/wp\/v2\/posts\/219433","targetHints":{"allow":["GET"]}}],"collection":[{"href":"https:\/\/www.europesays.com\/se\/wp-json\/wp\/v2\/posts"}],"about":[{"href":"https:\/\/www.europesays.com\/se\/wp-json\/wp\/v2\/types\/post"}],"author":[{"embeddable":true,"href":"https:\/\/www.europesays.com\/se\/wp-json\/wp\/v2\/users\/2"}],"replies":[{"embeddable":true,"href":"https:\/\/www.europesays.com\/se\/wp-json\/wp\/v2\/comments?post=219433"}],"version-history":[{"count":0,"href":"https:\/\/www.europesays.com\/se\/wp-json\/wp\/v2\/posts\/219433\/revisions"}],"wp:featuredmedia":[{"embeddable":true,"href":"https:\/\/www.europesays.com\/se\/wp-json\/wp\/v2\/media\/219434"}],"wp:attachment":[{"href":"https:\/\/www.europesays.com\/se\/wp-json\/wp\/v2\/media?parent=219433"}],"wp:term":[{"taxonomy":"category","embeddable":true,"href":"https:\/\/www.europesays.com\/se\/wp-json\/wp\/v2\/categories?post=219433"},{"taxonomy":"post_tag","embeddable":true,"href":"https:\/\/www.europesays.com\/se\/wp-json\/wp\/v2\/tags?post=219433"}],"curies":[{"name":"wp","href":"https:\/\/api.w.org\/{rel}","templated":true}]}}