{"id":21955,"date":"2025-09-04T14:42:32","date_gmt":"2025-09-04T14:42:32","guid":{"rendered":"https:\/\/www.europesays.com\/se\/21955\/"},"modified":"2025-09-04T14:42:32","modified_gmt":"2025-09-04T14:42:32","slug":"magnus-ranstorps-kritik-mot-sr-profilen-cecilia-udden","status":"publish","type":"post","link":"https:\/\/www.europesays.com\/se\/21955\/","title":{"rendered":"Magnus Ranstorps kritik mot SR-profilen Cecilia Udd\u00e9n"},"content":{"rendered":"<p>Publicerad 4 sep 2025 kl 00.21<\/p>\n<p>Terrorforskaren Magnus Ranstorp riktar kritik mot SR-profilen Cecilia Udd\u00e9n i en kr\u00f6nika p\u00e5 <a href=\"https:\/\/www.svd.se\/a\/nyddQn\/inte-konstigt-att-cecilia-udden-och-sveriges-radio-ar-sa-ensidiga\" rel=\"nofollow noopener\" target=\"_blank\">SvD:s ledarsida<\/a>.<\/p>\n<p>D\u00e4r ifr\u00e5gas\u00e4tter han de sk\u00e4l som Udd\u00e9n angett f\u00f6r att skriva p\u00e5 det kritiserade Gazauppropet f\u00f6r journalister.<\/p>\n<p>\u201dFramst\u00e5r som en efterhandskonstruktion\u201d, skriver han.\u00a0<\/p>\n<p><img   alt=\"\"\/><\/p>\n<p>Forskaren Magnus Ranstorp.<\/p>\n<p>Foto: JEPPE GUSTAFSSON \/ SHUTTERSTOCK EDITORIAL \/ IBL<\/p>\n<p>\u00d6ppna bild i helsk\u00e4rm<\/p>\n<p>Gazauppropet, som publicerades i <a href=\"https:\/\/www.expressen.se\/debatt\/debatt-500-i-upprop-kraven-pa-gaza-bevakningen\/\" rel=\"nofollow noopener\" target=\"_blank\">Expressen<\/a> den 29 juli, har v\u00e5llat stor debatt.<\/p>\n<p>Uppropet kr\u00e4ver att utl\u00e4ndska journalister ska sl\u00e4ppas in i Gaza, men har kritiserats f\u00f6r formuleringar om att svenska medier \u201dbidragit till att legitimera\u201d det som beskrivs ett folkmord. Kritikerna menar att de journalister som skrivit under uppropet har tagit st\u00e4llning i konflikten och d\u00e4rf\u00f6r inte borde f\u00e5 rapportera om den.<\/p>\n<p>En av dem som undertecknat uppropet \u00e4r SR-profilen Cecilia Udd\u00e9n. Hon har sagt att hon h\u00e5ller med om kraven p\u00e5 pressfrihet i Gaza, men att det ocks\u00e5 fanns olyckliga formuleringar i uppropet.<\/p>\n<p><img loading=\"lazy\"   alt=\"\"\/><\/p>\n<p>Cecilia Udd\u00e9n fick f\u00f6rra \u00e5ret Stora Journalistpriset f\u00f6r sin rapportering fr\u00e5n Gaza, som hon g\u00f6r tillsammans med Sami Abu Salem som \u00e4r p\u00e5 plats i omr\u00e5det.<\/p>\n<p>Foto: OLLE SPORRONG<\/p>\n<p>\u00d6ppna bild i helsk\u00e4rm<\/p>\n<p>I en v\u00e4lbes\u00f6kt debatt hos Publicistklubben sa Cecilia Udd\u00e9n:<\/p>\n<p>\u2013 Jag skrev under detta upprop ett par dagar efter att v\u00e5r medarbetare Sami Abu Salem i Gaza skrev p\u00e5 Facebook: Varf\u00f6r protesterar inte ni v\u00e4sterl\u00e4ndska journalister mot att ni inte kommer in i Gaza? Och det hade vi v\u00e4l gjort, men kanske inte tillr\u00e4ckligt kraftfullt. S\u00e5 kom detta upprop och jag tyckte att det var relevant att protestera mot att vi inte kommer in, mot att journalister d\u00f6das i Gaza. Det var allts\u00e5 de fyra punkterna (kraven i uppropet, reds. anm.) som var det viktiga f\u00f6r mig.<\/p>\n<p>I en ledarkr\u00f6nika i SvD ifr\u00e5gas\u00e4tter terrorforskaren Magnus Ranstorp det. Han skriver att Sami Abu Salems inl\u00e4gg lades ut tv\u00e5 dagar efter att Gazauppropet publicerats.<\/p>\n<p>\u201dUdd\u00e9ns ber\u00e4ttelse tycks allts\u00e5 vila p\u00e5 en omv\u00e4nd tidslinje, och framst\u00e5r som en efterhandskonstruktion\u201d, konstaterar Magnus Ranstorp.<\/p>\n<p>Han kritiserar ocks\u00e5 SR:s rapportering, som han kallar \u201densidig\u201d, och h\u00e4vdar att Abu Salem ut\u00f6ver uppdrag f\u00f6r flera internationella medier ocks\u00e5 rapporterar f\u00f6r den palestinska myndighetens nyhetsbyr\u00e5 Wafa.<\/p>\n<p>\u201dN\u00e4r SR presenterar en Wafa-korrespondent som sanningsvittne blir det inte oberoende journalistik\u201d, skriver Ranstorp.<\/p>\n<p>Expressen har s\u00f6kt Cecilia Udd\u00e9n och <a href=\"https:\/\/www.expressen.se\/tagg\/organization\/sveriges-radio\/\" class=\"\" rel=\"nofollow noopener\" target=\"_blank\">Sveriges Radios<\/a> presschef Claes Bertilson, som b\u00e5da avb\u00f6jt att kommentera.<\/p>\n<p><img loading=\"lazy\"   alt=\"\"\/><\/p>\n<p>Sveriges radio har beslutat att l\u00e5ta medarbetarna som skrivit under uppropet f\u00e5 forts\u00e4tta rapportera om kriget i Gaza.<\/p>\n<p>Foto: PELLE T NILSSON \/ SPA<\/p>\n<p>\u00d6ppna bild i helsk\u00e4rm<\/p>\n","protected":false},"excerpt":{"rendered":"Publicerad 4 sep 2025 kl 00.21 Terrorforskaren Magnus Ranstorp riktar kritik mot SR-profilen Cecilia Udd\u00e9n i en kr\u00f6nika&hellip;\n","protected":false},"author":2,"featured_media":21956,"comment_status":"","ping_status":"","sticky":false,"template":"","format":"standard","meta":{"footnotes":""},"categories":[12],"tags":[22,23,26,27,17,21,24,25,28,29,15,16,1095,1585,18,34,154,31,33,32,30,19,205,60,20],"class_list":{"0":"post-21955","1":"post","2":"type-post","3":"status-publish","4":"format-standard","5":"has-post-thumbnail","7":"category-sverige","8":"tag-breaking-news","9":"tag-breakingnews","10":"tag-featured-news","11":"tag-featurednews","12":"tag-headlines","13":"tag-huvudnyheter","14":"tag-latest-news","15":"tag-latestnews","16":"tag-main-news","17":"tag-mainnews","18":"tag-news","19":"tag-nyheter","20":"tag-organization-sveriges-radio","21":"tag-person-cecilia-udden","22":"tag-rubriker","23":"tag-se","24":"tag-sections-sverige","25":"tag-svenska","26":"tag-sverige","27":"tag-sweden","28":"tag-swedish","29":"tag-top-stories","30":"tag-topic-journalistik-medier","31":"tag-topic-krig-konflikt","32":"tag-topstories"},"share_on_mastodon":{"url":"","error":""},"_links":{"self":[{"href":"https:\/\/www.europesays.com\/se\/wp-json\/wp\/v2\/posts\/21955","targetHints":{"allow":["GET"]}}],"collection":[{"href":"https:\/\/www.europesays.com\/se\/wp-json\/wp\/v2\/posts"}],"about":[{"href":"https:\/\/www.europesays.com\/se\/wp-json\/wp\/v2\/types\/post"}],"author":[{"embeddable":true,"href":"https:\/\/www.europesays.com\/se\/wp-json\/wp\/v2\/users\/2"}],"replies":[{"embeddable":true,"href":"https:\/\/www.europesays.com\/se\/wp-json\/wp\/v2\/comments?post=21955"}],"version-history":[{"count":0,"href":"https:\/\/www.europesays.com\/se\/wp-json\/wp\/v2\/posts\/21955\/revisions"}],"wp:featuredmedia":[{"embeddable":true,"href":"https:\/\/www.europesays.com\/se\/wp-json\/wp\/v2\/media\/21956"}],"wp:attachment":[{"href":"https:\/\/www.europesays.com\/se\/wp-json\/wp\/v2\/media?parent=21955"}],"wp:term":[{"taxonomy":"category","embeddable":true,"href":"https:\/\/www.europesays.com\/se\/wp-json\/wp\/v2\/categories?post=21955"},{"taxonomy":"post_tag","embeddable":true,"href":"https:\/\/www.europesays.com\/se\/wp-json\/wp\/v2\/tags?post=21955"}],"curies":[{"name":"wp","href":"https:\/\/api.w.org\/{rel}","templated":true}]}}