{"id":219813,"date":"2026-04-16T22:30:23","date_gmt":"2026-04-16T22:30:23","guid":{"rendered":"https:\/\/www.europesays.com\/se\/219813\/"},"modified":"2026-04-16T22:30:23","modified_gmt":"2026-04-16T22:30:23","slug":"utan-akesson-kan-sd-bli-riktigt-farligt","status":"publish","type":"post","link":"https:\/\/www.europesays.com\/se\/219813\/","title":{"rendered":"Utan \u00c5kesson kan SD bli riktigt farligt"},"content":{"rendered":"<p>Uppdaterad 16 apr 2026 kl 15.43Publicerad 16 apr 2026 kl 13.46<\/p>\n<p>Efter Jimmie \u00c5kesson riskerar SD att bli ett h\u00f6gerpopulistiskt parti av europeiskt snitt.<\/p>\n<p>Roland Poirier Martinsson svarar Rasmus Landstr\u00f6m<strong> <\/strong>i debatten.<\/p>\n<p><img   alt=\"\"\/><\/p>\n<p>Jimmie \u00c5kesson (SD) och Ulf Kristersson (M) h\u00e5ller en gemensam presstr\u00e4ff och l\u00e4mnar besked i regeringsfr\u00e5gan.<\/p>\n<p>Foto: Anders Wiklund\/TT<\/p>\n<p>\u00d6ppna bild i helsk\u00e4rm<img loading=\"lazy\"   alt=\"\"\/><\/p>\n<p>Roland Poirier Martinsson \u00e4r skribent p\u00e5 Expressens kultursida.<\/p>\n<p>Foto: Kaunitz-Olsson<\/p>\n<p>\u00d6ppna bild i helsk\u00e4rm<\/p>\n<p><strong>KULTURDEBATT. <\/strong>Nyligen <a href=\"https:\/\/www.expressen.se\/kultur\/vi-bor-vara-glada-att-vi-har-sverigedemokraterna\/\" rel=\"nofollow noopener\" target=\"_blank\">skrev jag<\/a> att vi b\u00f6r vara glada att vi har <a href=\"https:\/\/www.expressen.se\/tagg\/organization\/sverigedemokraterna\/\" class=\"\" rel=\"nofollow noopener\" target=\"_blank\">Sverigedemokraterna<\/a>, d\u00e5 h\u00f6gerpopulistiska partier i Europa \u00e4r l\u00e5ngt giftigare.<\/p>\n<p>Jag beskrev ocks\u00e5 SD som ett fr\u00e4mlingsfientligt och vulg\u00e4rpopulistiskt parti som efter <strong>Jimmie \u00c5kesson<\/strong> kommer att gravitera mot sitt ursprung.\u00a0<\/p>\n<p><strong>Rasmus Landstr\u00f6m<\/strong> <a href=\"https:\/\/www.aftonbladet.se\/kultur\/a\/2ppAjr\/poirier-martinsson-har-nog-glomt-vad-rasism-ar\" rel=\"nofollow noopener\" target=\"_blank\">(Aftonbladet 2\/4) <\/a>h\u00e4vdar att detta beskriver SD som \u201dett helgjutet demokratiskt parti\u201d. Givetvis s\u00e4ger det motsatsen: att SD i grund och botten inte \u00e4r ett helgjutet demokratiskt parti och att det \u00e4r en historisk tillf\u00e4llighet (i form av \u00c5kesson) att man sl\u00e5ss mot sin historia.<\/p>\n<p>D\u00e4rf\u00f6r \u00e4r Tid\u00f6samarbetet ett misstag. Efter \u00c5kesson \u00e4r risken stor att vi f\u00e5r ett h\u00f6gerpopulistiskt parti av europeiskt snitt. Det kommer att utg\u00e5 fr\u00e5n den maktplattform det givits av M, L och KD.<\/p>\n<p><img loading=\"lazy\"   alt=\"\"\/><\/p>\n<p>Efter \u00c5kesson \u00e4r risken stor att vi f\u00e5r ett h\u00f6gerpopulistiskt parti av europeiskt snitt, skriver Roland Poirier Martinsson.<\/p>\n<p>Foto: PELLE T NILSSON \/ SPA<\/p>\n<p>\u00d6ppna bild i helsk\u00e4rm<\/p>\n<p>Landstr\u00f6m skriver sedan att jag \u00e4r \u201ddjupt oroad \u00f6ver att V ska sitta i regeringen efter valet\u201d. \u00c5terigen \u00e4r det motsatsen till vad jag skrev, n\u00e4mligen att det \u201df\u00f6r n\u00e4rvarande [inte \u00e4r] vid den horisonten de m\u00f6rka molnen hotar\u201d.<\/p>\n<p>Jag uppfattar dock V och SD som lika demokratiskt tvivelaktiga. <strong>Gudrun Schyman<\/strong> och <strong>Jonas Sj\u00f6stedt<\/strong> v\u00e4rnade parlamentarisk demokrati som politisk metod, men <strong>Nooshi Dadgostar<\/strong> leder ett inherent instabilt parti och har \u00e4nnu inte lagt kursen eller visat att hon kan styra partiet n\u00e4r det kr\u00e4nger.<\/p>\n<blockquote><p>Den amerikanska l\u00e4xan l\u00e4r oss att stabila demokratier p\u00e5 kort tid kan hamna under tryck.<\/p><\/blockquote>\n<p>Framf\u00f6r allt vet vi inte vilka som eftertr\u00e4der Dadgostar och \u00c5kesson eller vilka vindar som d\u00e5 driver opinionen. Den amerikanska l\u00e4xan l\u00e4r oss att stabila demokratier p\u00e5 kort tid kan hamna under tryck.<\/p>\n<p>Landstr\u00f6m ger st\u00f6d \u00e5t polska Lag och r\u00e4ttvisa, ungerska Fidesz och franska Nationell samling i meningen att han hellre \u00e4n SD skulle se ett s\u00e5dant parti i en svensk regering. Dessa lite godare h\u00f6gerpopulister vill n\u00e4mligen ut\u00f6ka pensionerna, h\u00f6ja barnbidragen, vidta statliga \u00e5tg\u00e4rder f\u00f6r att \u00f6ka barnaf\u00f6dandet och rent allm\u00e4nt bygga ut den offentliga sektorn.<\/p>\n<p>Min \u00f6vertygelse \u00e4r att de just d\u00e4rf\u00f6r \u00e4r ett mer akut hot \u00e4n SD. Att <strong>Marine Le Pen<\/strong> vill f\u00f6rstatliga franska privatbanker \u00e4r prototypiskt f\u00f6r den tradition som f\u00f6renar nationalism med grader av socialism \u2013 tillsammans bildar de b\u00e5da orden en politisk etikett.<\/p>\n<p><img loading=\"lazy\"   alt=\"\"\/><\/p>\n<p>Marine Le Pen, tidigare partiledare f\u00f6r Nationell samling.<\/p>\n<p>Foto: LAFARGUE RAPHAEL \/ STELLA PICTURES<\/p>\n<p>\u00d6ppna bild i helsk\u00e4rm<\/p>\n<p>Borgerlighetens arbete f\u00f6r att vinna parlamentariskt st\u00f6d fr\u00e5n SD har lyckats, men betydelsen av detta \u00e4r inte sakpolitisk, utan att SD d\u00e4rmed f\u00f6rts in i den demokratiska parlamentarismens lunk.<\/p>\n<p>Om man f\u00f6redrar nationalistiska partier som f\u00f6rstatligar n\u00e4ringslivet och h\u00e5nar \u201deliterna\u201d, snarare \u00e4n ansluter till marknadsekonomi och det politiska etablissemanget, d\u00e5 \u00e4r man ocks\u00e5 villig att av partipolitiska sk\u00e4l ta st\u00f6rre risker med demokratins stabilitet och minoriteters r\u00e4ttigheter.\u00a0<\/p>\n<p>N\u00e4r det kommer till kritan kan S och M inte h\u00e5lla SD och V borta fr\u00e5n makten med mindre \u00e4n att man konkurrerar ut dem politiskt. Det \u00e4r fullt m\u00f6jligt f\u00f6r S och M att erbjuda alternativ till v\u00e4nster och h\u00f6ger och samtidigt enas kring detta som ett gemensamt projekt.<\/p>\n<p>Roland Poirier Martinsson \u00e4r skribent p\u00e5 Expressens kultursida.\u00a0<\/p>\n<p>L\u00e4s tidigare inl\u00e4gg i debatten<strong>L\u00c4S MER: <\/strong><a href=\"https:\/\/www.expressen.se\/kultur\/vi-bor-vara-glada-att-vi-har-sverigedemokraterna\/\" class=\"\" rel=\"nofollow noopener\" target=\"_blank\">ROLAND POIRIER MARTINSSON: Vi b\u00f6r vara glada att vi har Sverigedemokraterna<\/a><strong>L\u00c4S MER: <\/strong><a href=\"https:\/\/www.expressen.se\/kultur\/angreppet-pa-mig-ar-ett-forsok-att-tysta\/\" class=\"\" rel=\"nofollow noopener\" target=\"_blank\">JAMAL EL-HAJ: Angreppet p\u00e5 mig \u00e4r ett f\u00f6rs\u00f6k att tysta<\/a>Lyssna p\u00e5 senaste avsnittet av \u201dKulturen\u201d<img alt=\"\" loading=\"lazy\"\/>Ljudklippet gick inte att spela upp<\/p>\n<p>F\u00f6rs\u00f6k igen senare<\/p>\n","protected":false},"excerpt":{"rendered":"Uppdaterad 16 apr 2026 kl 15.43Publicerad 16 apr 2026 kl 13.46 Efter Jimmie \u00c5kesson riskerar SD att bli&hellip;\n","protected":false},"author":2,"featured_media":219814,"comment_status":"","ping_status":"","sticky":false,"template":"","format":"standard","meta":{"footnotes":"","_share_on_mastodon":"0"},"categories":[12],"tags":[22,23,26,27,17,21,24,25,286,28,29,15,16,38,16793,944,14588,17523,1501,530,18,34,106,31,33,32,30,19,152,781,20],"class_list":["post-219813","post","type-post","status-publish","format-standard","has-post-thumbnail","category-sverige","tag-breaking-news","tag-breakingnews","tag-featured-news","tag-featurednews","tag-headlines","tag-huvudnyheter","tag-latest-news","tag-latestnews","tag-location-europa","tag-main-news","tag-mainnews","tag-news","tag-nyheter","tag-organization-sverigedemokraterna","tag-person-gudrun-schyman","tag-person-jimmie-akesson","tag-person-jonas-sjostedt","tag-person-marine-le-pen","tag-person-nooshi-dadgostar","tag-person-ulf-kristersson","tag-rubriker","tag-se","tag-sections-ide","tag-svenska","tag-sverige","tag-sweden","tag-swedish","tag-top-stories","tag-topic-inrikespolitik","tag-topic-utrikespolitik","tag-topstories"],"share_on_mastodon":{"url":"","error":"Validation failed: Text character limit of 500 exceeded"},"_links":{"self":[{"href":"https:\/\/www.europesays.com\/se\/wp-json\/wp\/v2\/posts\/219813","targetHints":{"allow":["GET"]}}],"collection":[{"href":"https:\/\/www.europesays.com\/se\/wp-json\/wp\/v2\/posts"}],"about":[{"href":"https:\/\/www.europesays.com\/se\/wp-json\/wp\/v2\/types\/post"}],"author":[{"embeddable":true,"href":"https:\/\/www.europesays.com\/se\/wp-json\/wp\/v2\/users\/2"}],"replies":[{"embeddable":true,"href":"https:\/\/www.europesays.com\/se\/wp-json\/wp\/v2\/comments?post=219813"}],"version-history":[{"count":0,"href":"https:\/\/www.europesays.com\/se\/wp-json\/wp\/v2\/posts\/219813\/revisions"}],"wp:featuredmedia":[{"embeddable":true,"href":"https:\/\/www.europesays.com\/se\/wp-json\/wp\/v2\/media\/219814"}],"wp:attachment":[{"href":"https:\/\/www.europesays.com\/se\/wp-json\/wp\/v2\/media?parent=219813"}],"wp:term":[{"taxonomy":"category","embeddable":true,"href":"https:\/\/www.europesays.com\/se\/wp-json\/wp\/v2\/categories?post=219813"},{"taxonomy":"post_tag","embeddable":true,"href":"https:\/\/www.europesays.com\/se\/wp-json\/wp\/v2\/tags?post=219813"}],"curies":[{"name":"wp","href":"https:\/\/api.w.org\/{rel}","templated":true}]}}