{"id":22027,"date":"2025-09-04T16:38:21","date_gmt":"2025-09-04T16:38:21","guid":{"rendered":"https:\/\/www.europesays.com\/se\/22027\/"},"modified":"2025-09-04T16:38:21","modified_gmt":"2025-09-04T16:38:21","slug":"washington-stammer-trump-for-militar-ockupation","status":"publish","type":"post","link":"https:\/\/www.europesays.com\/se\/22027\/","title":{"rendered":"Washington st\u00e4mmer Trump f\u00f6r \u201dmilit\u00e4r ockupation\u201d"},"content":{"rendered":"<p>Washington DC st\u00e4mmer president Donald Trump f\u00f6r beslutet att s\u00e4tta in nationalgardet i staden, rapporterar amerikanska medier. <\/p>\n<p>\u201dDen p\u00e5tvingade milit\u00e4ra ockupationen av District of Columbia kr\u00e4nker v\u00e5rt lokala sj\u00e4lvstyre och v\u00e5ra grundl\u00e4ggande friheter. Den m\u00e5ste upph\u00f6ra\u201d, skriver stadens \u00e5klagare Brian Schwalb i en tr\u00e5d p\u00e5 X. <\/p>\n<p>Flera av de beslut som Donald Trump har fattat under sin f\u00f6rsta tid vid makten har kommit att utmanas i r\u00e4tten. Bland annat bed\u00f6mde en domare tidigare i \u00e5r att han br\u00f6t mot lagen n\u00e4r han satte in milit\u00e4ren mot demonstranter i Los Angeles. <\/p>\n<p>Omni \u00e4r politiskt obundna och oberoende. Vi str\u00e4var efter att ge fler perspektiv p\u00e5 nyheterna. Har du fr\u00e5gor eller synpunkter kring v\u00e5r rapportering? <a href=\"https:\/\/omni.se\/washington-stammer-trump-for-militar-ockupation\/a\/mailto:redaktion@omni.se\" class=\"ArticleActions_contactLink__W2F1M\" rel=\"nofollow noopener\" target=\"_blank\">Kontakta redaktionen<\/a><\/p>\n","protected":false},"excerpt":{"rendered":"Washington DC st\u00e4mmer president Donald Trump f\u00f6r beslutet att s\u00e4tta in nationalgardet i staden, rapporterar amerikanska medier. \u201dDen&hellip;\n","protected":false},"author":2,"featured_media":22028,"comment_status":"","ping_status":"","sticky":false,"template":"","format":"standard","meta":{"footnotes":""},"categories":[5],"tags":[387,22,23,385,1149,26,27,17,21,24,25,28,29,15,268,16,18,34,31,33,32,30,19,20,386,74],"class_list":{"0":"post-22027","1":"post","2":"type-post","3":"status-publish","4":"format-standard","5":"has-post-thumbnail","7":"category-rubriker","8":"tag-amerikansk-politik","9":"tag-breaking-news","10":"tag-breakingnews","11":"tag-donald-trump","12":"tag-faktaruta-omni","13":"tag-featured-news","14":"tag-featurednews","15":"tag-headlines","16":"tag-huvudnyheter","17":"tag-latest-news","18":"tag-latestnews","19":"tag-main-news","20":"tag-mainnews","21":"tag-news","22":"tag-nordamerika","23":"tag-nyheter","24":"tag-rubriker","25":"tag-se","26":"tag-svenska","27":"tag-sverige","28":"tag-sweden","29":"tag-swedish","30":"tag-top-stories","31":"tag-topstories","32":"tag-trumps-usa","33":"tag-usa"},"share_on_mastodon":{"url":"","error":""},"_links":{"self":[{"href":"https:\/\/www.europesays.com\/se\/wp-json\/wp\/v2\/posts\/22027","targetHints":{"allow":["GET"]}}],"collection":[{"href":"https:\/\/www.europesays.com\/se\/wp-json\/wp\/v2\/posts"}],"about":[{"href":"https:\/\/www.europesays.com\/se\/wp-json\/wp\/v2\/types\/post"}],"author":[{"embeddable":true,"href":"https:\/\/www.europesays.com\/se\/wp-json\/wp\/v2\/users\/2"}],"replies":[{"embeddable":true,"href":"https:\/\/www.europesays.com\/se\/wp-json\/wp\/v2\/comments?post=22027"}],"version-history":[{"count":0,"href":"https:\/\/www.europesays.com\/se\/wp-json\/wp\/v2\/posts\/22027\/revisions"}],"wp:featuredmedia":[{"embeddable":true,"href":"https:\/\/www.europesays.com\/se\/wp-json\/wp\/v2\/media\/22028"}],"wp:attachment":[{"href":"https:\/\/www.europesays.com\/se\/wp-json\/wp\/v2\/media?parent=22027"}],"wp:term":[{"taxonomy":"category","embeddable":true,"href":"https:\/\/www.europesays.com\/se\/wp-json\/wp\/v2\/categories?post=22027"},{"taxonomy":"post_tag","embeddable":true,"href":"https:\/\/www.europesays.com\/se\/wp-json\/wp\/v2\/tags?post=22027"}],"curies":[{"name":"wp","href":"https:\/\/api.w.org\/{rel}","templated":true}]}}