{"id":220285,"date":"2026-04-17T11:53:25","date_gmt":"2026-04-17T11:53:25","guid":{"rendered":"https:\/\/www.europesays.com\/se\/220285\/"},"modified":"2026-04-17T11:53:25","modified_gmt":"2026-04-17T11:53:25","slug":"strukturella-atgarder-forst-innan-mer-pengar-pumpas-till-polisen-kvartal","status":"publish","type":"post","link":"https:\/\/www.europesays.com\/se\/220285\/","title":{"rendered":"Strukturella \u00e5tg\u00e4rder f\u00f6rst \u2013 innan mer pengar pumpas till polisen \u2013 Kvartal"},"content":{"rendered":"<p class=\"text-[17px] sm:text-[18px] leading-[1.5] font-cambon text-text-default-tertiary\">Om riksdagen godk\u00e4nner v\u00e5rbudgeten inneb\u00e4r det att polisen har f\u00e5tt en tredubblad budget bara sedan 2015. Politiker har hittills okritiskt godtagit polisens \u00f6nskem\u00e5l om st\u00e4ndigt h\u00f6jda anslag, trots att granskningar visar att det inte f\u00e5tt det utfall som \u00e4r \u00f6nskv\u00e4rt.<\/p>\n<p class=\"text-[17px] sm:text-[18px] leading-[1.5] font-cambon text-text-default-tertiary\">Det \u00e4r h\u00f6g tid att statsmakten b\u00f6rjar st\u00e4lla krav p\u00e5 att \u00e5tg\u00e4rda de strukturella problemen i Polismyndigheten innan man forts\u00e4tter att pumpa in pengar. Det skriver Stefan Holgersson, polisinspekt\u00f6r och docent vid Link\u00f6pings universitet.<\/p>\n","protected":false},"excerpt":{"rendered":"Om riksdagen godk\u00e4nner v\u00e5rbudgeten inneb\u00e4r det att polisen har f\u00e5tt en tredubblad budget bara sedan 2015. Politiker har&hellip;\n","protected":false},"author":2,"featured_media":220286,"comment_status":"","ping_status":"","sticky":false,"template":"","format":"standard","meta":{"footnotes":"","_share_on_mastodon":"0"},"categories":[12],"tags":[22,23,26,27,17,21,2626,24,25,28,29,15,16,1274,18,34,31,33,32,30,19,20],"class_list":["post-220285","post","type-post","status-publish","format-standard","has-post-thumbnail","category-sverige","tag-breaking-news","tag-breakingnews","tag-featured-news","tag-featurednews","tag-headlines","tag-huvudnyheter","tag-kriminalitet","tag-latest-news","tag-latestnews","tag-main-news","tag-mainnews","tag-news","tag-nyheter","tag-polisen","tag-rubriker","tag-se","tag-svenska","tag-sverige","tag-sweden","tag-swedish","tag-top-stories","tag-topstories"],"share_on_mastodon":{"url":"https:\/\/pubeurope.com\/@se\/116419913974126921","error":""},"_links":{"self":[{"href":"https:\/\/www.europesays.com\/se\/wp-json\/wp\/v2\/posts\/220285","targetHints":{"allow":["GET"]}}],"collection":[{"href":"https:\/\/www.europesays.com\/se\/wp-json\/wp\/v2\/posts"}],"about":[{"href":"https:\/\/www.europesays.com\/se\/wp-json\/wp\/v2\/types\/post"}],"author":[{"embeddable":true,"href":"https:\/\/www.europesays.com\/se\/wp-json\/wp\/v2\/users\/2"}],"replies":[{"embeddable":true,"href":"https:\/\/www.europesays.com\/se\/wp-json\/wp\/v2\/comments?post=220285"}],"version-history":[{"count":0,"href":"https:\/\/www.europesays.com\/se\/wp-json\/wp\/v2\/posts\/220285\/revisions"}],"wp:featuredmedia":[{"embeddable":true,"href":"https:\/\/www.europesays.com\/se\/wp-json\/wp\/v2\/media\/220286"}],"wp:attachment":[{"href":"https:\/\/www.europesays.com\/se\/wp-json\/wp\/v2\/media?parent=220285"}],"wp:term":[{"taxonomy":"category","embeddable":true,"href":"https:\/\/www.europesays.com\/se\/wp-json\/wp\/v2\/categories?post=220285"},{"taxonomy":"post_tag","embeddable":true,"href":"https:\/\/www.europesays.com\/se\/wp-json\/wp\/v2\/tags?post=220285"}],"curies":[{"name":"wp","href":"https:\/\/api.w.org\/{rel}","templated":true}]}}