{"id":22059,"date":"2025-09-04T17:37:19","date_gmt":"2025-09-04T17:37:19","guid":{"rendered":"https:\/\/www.europesays.com\/se\/22059\/"},"modified":"2025-09-04T17:37:19","modified_gmt":"2025-09-04T17:37:19","slug":"carola-gor-fem-konserter-i-jul-2025-datumen","status":"publish","type":"post","link":"https:\/\/www.europesays.com\/se\/22059\/","title":{"rendered":"Carola g\u00f6r fem konserter i jul 2025 \u2013 datumen"},"content":{"rendered":"<p>Publicerad 4 sep 2025 kl 08.43<\/p>\n<p>Carola g\u00f6r bara en popkonsert i \u00e5r \u2013 i Oslo i oktober.\u00a0<\/p>\n<p>Men nu \u00e4r det klart att de svenska fansen ocks\u00e5 f\u00e5r sitt.\u00a0<\/p>\n<p>I december ger hon fem julkonserter.\u00a0<\/p>\n<p><img   alt=\"\"\/> <\/p>\n<p>Foto: Karin T\u00f6rnblom \/ IBL<\/p>\n<p>\u00d6ppna bild i helsk\u00e4rm<img loading=\"lazy\"   alt=\"\"\/> <\/p>\n<p>Foto: Karin T\u00f6rnblom \/ IBL<\/p>\n<p>\u00d6ppna bild i helsk\u00e4rm<\/p>\n<p>\u201dCarola Christmas lights concert\u201d. S\u00e5 kallar Carola den serie julkonserter som hon ger p\u00e5 Cirkus i Stockholm och Scandinavium i G\u00f6teborg, med premi\u00e4r i huvudstaden 4\/12.\u00a0<\/p>\n<p>Med sig har hon k\u00f6rs\u00e5ngare fr\u00e5n By Grace som hj\u00e4lper till att f\u00f6rh\u00f6ja julst\u00e4mningen i klassiska l\u00e5tar som \u201dNu t\u00e4ndas tusen juleljus\u201d och artistens egen \u201dHimlen i min famn\u201d.\u00a0<\/p>\n<p>Konsertplan: 4\/12\u20136\/12 Stockholm, med tv\u00e5 konserter sista dagen, 13\/12 G\u00f6teborg.\u00a0<\/p>\n","protected":false},"excerpt":{"rendered":"Publicerad 4 sep 2025 kl 08.43 Carola g\u00f6r bara en popkonsert i \u00e5r \u2013 i Oslo i oktober.\u00a0&hellip;\n","protected":false},"author":2,"featured_media":22060,"comment_status":"","ping_status":"","sticky":false,"template":"","format":"standard","meta":{"footnotes":""},"categories":[67],"tags":[104,2680,34,775,31,33,32,30,105],"class_list":{"0":"post-22059","1":"post","2":"type-post","3":"status-publish","4":"format-standard","5":"has-post-thumbnail","7":"category-underhallning","8":"tag-entertainment","9":"tag-person-carola-haggkvist","10":"tag-se","11":"tag-sections-musik","12":"tag-svenska","13":"tag-sverige","14":"tag-sweden","15":"tag-swedish","16":"tag-underhallning"},"share_on_mastodon":{"url":"","error":""},"_links":{"self":[{"href":"https:\/\/www.europesays.com\/se\/wp-json\/wp\/v2\/posts\/22059","targetHints":{"allow":["GET"]}}],"collection":[{"href":"https:\/\/www.europesays.com\/se\/wp-json\/wp\/v2\/posts"}],"about":[{"href":"https:\/\/www.europesays.com\/se\/wp-json\/wp\/v2\/types\/post"}],"author":[{"embeddable":true,"href":"https:\/\/www.europesays.com\/se\/wp-json\/wp\/v2\/users\/2"}],"replies":[{"embeddable":true,"href":"https:\/\/www.europesays.com\/se\/wp-json\/wp\/v2\/comments?post=22059"}],"version-history":[{"count":0,"href":"https:\/\/www.europesays.com\/se\/wp-json\/wp\/v2\/posts\/22059\/revisions"}],"wp:featuredmedia":[{"embeddable":true,"href":"https:\/\/www.europesays.com\/se\/wp-json\/wp\/v2\/media\/22060"}],"wp:attachment":[{"href":"https:\/\/www.europesays.com\/se\/wp-json\/wp\/v2\/media?parent=22059"}],"wp:term":[{"taxonomy":"category","embeddable":true,"href":"https:\/\/www.europesays.com\/se\/wp-json\/wp\/v2\/categories?post=22059"},{"taxonomy":"post_tag","embeddable":true,"href":"https:\/\/www.europesays.com\/se\/wp-json\/wp\/v2\/tags?post=22059"}],"curies":[{"name":"wp","href":"https:\/\/api.w.org\/{rel}","templated":true}]}}