{"id":22078,"date":"2025-09-04T18:38:25","date_gmt":"2025-09-04T18:38:25","guid":{"rendered":"https:\/\/www.europesays.com\/se\/22078\/"},"modified":"2025-09-04T18:38:25","modified_gmt":"2025-09-04T18:38:25","slug":"varlden-forundrad-over-kulturkanon-utan-abba","status":"publish","type":"post","link":"https:\/\/www.europesays.com\/se\/22078\/","title":{"rendered":"V\u00e4rlden f\u00f6rundrad \u00f6ver kulturkanon utan Abba"},"content":{"rendered":"<p>Publicerad 4 sep 2025 kl 14.27<\/p>\n<p>Ikea, men inte Abba eller k\u00f6ttbullar?\u00a0<\/p>\n<p>V\u00e4rlden noterar med f\u00f6rv\u00e5ning vad som anses svenskt i den nya kulturkanon.<\/p>\n<p><img   alt=\"\"\/><\/p>\n<p>Bjorn Ulvaeus, Anni-Frid Lyngstad, Agnetha Faltskog and Benny Andersson.<\/p>\n<p>Foto: TOLGA AKMEN \/ EPA \/ TT \/ EPA TT NYHETSBYR\u00c5N<\/p>\n<p>\u00d6ppna bild i helsk\u00e4rm<\/p>\n<p>Sveriges mest k\u00e4nda popgrupp finns inte med p\u00e5 listan \u00f6ver svenskt kulturarv, det skriver h\u00e4pna skribenter i b\u00e5de <a href=\"https:\/\/www.spiegel.de\/kultur\/schweden-ikea-statt-abba-schweden-streitet-ueber-kulturelles-erbe-a-9ede2945-1c2f-48b5-be37-126486071eae\" rel=\"nofollow noopener\" target=\"_blank\">New York Times<\/a> och <a href=\"https:\/\/www.spiegel.de\/kultur\/schweden-ikea-statt-abba-schweden-streitet-ueber-kulturelles-erbe-a-9ede2945-1c2f-48b5-be37-126486071eae\" rel=\"nofollow noopener\" target=\"_blank\">Der Spiegel<\/a>.\u00a0<\/p>\n<p>Tidningarna f\u00f6rst\u00e5r visserligen reglerna: att bara verk \u00e4ldre \u00e4n 50 \u00e5r f\u00e5r inkluderas i kulturkanon. Men Der Spiegel citerar l\u00e5traderna: \u201dThe winner takes it all\/the loser&#8217;s standing small\u201d och skriver att det svenska popbandet nu f\u00e5r \u201duppleva dessa bittra repliker fr\u00e5n sin hit fr\u00e5n 1980 p\u00e5 n\u00e4ra h\u00e5ll.\u201d<\/p>\n<p>New York Times l\u00e4gger till att bandet avb\u00f6jt intervju.<\/p>\n<p>Annars rapporterar b\u00e5de ovanst\u00e5ende tidningar samt The Guardian att projektet framf\u00f6r allt drivits fram av Sverigedemokraterna, medan Ritzau meddelar att den \u00e4r ett resultat av Tid\u00f6avtalet.\u00a0<\/p>\n<p><a href=\"https:\/\/www.theguardian.com\/world\/2025\/sep\/02\/outcry-as-swedish-cultural-canon-snubs-abba-and-anything-since-1975\" rel=\"nofollow noopener\" target=\"_blank\">The Guardian<\/a> citerar socialantropologen Marlen Eskander som l\u00e4mnade kommitt\u00e9n f\u00f6rra \u00e5ret, och som h\u00e4vdat i Svenska Dagbladet att man medvetet exkluderat samtida erfarenheter som speglar hur landet f\u00f6r\u00e4ndrats. The Guardian noterar ocks\u00e5 att inga islamska landm\u00e4rken \u00e4r inkluderade, trots landets muslimska inv\u00e5nare.<\/p>\n<p>Som exempel ur listan n\u00e4mns bland annat Pippi L\u00e5ngstrump, Ingmar Bergman, Selma Lagerl\u00f6f, Ikea, pappaledighet och Nobelpriset.<\/p>\n","protected":false},"excerpt":{"rendered":"Publicerad 4 sep 2025 kl 14.27 Ikea, men inte Abba eller k\u00f6ttbullar?\u00a0 V\u00e4rlden noterar med f\u00f6rv\u00e5ning vad som&hellip;\n","protected":false},"author":2,"featured_media":22079,"comment_status":"","ping_status":"","sticky":false,"template":"","format":"standard","meta":{"footnotes":""},"categories":[67],"tags":[104,2682,34,31,33,32,30,105],"class_list":{"0":"post-22078","1":"post","2":"type-post","3":"status-publish","4":"format-standard","5":"has-post-thumbnail","7":"category-underhallning","8":"tag-entertainment","9":"tag-organization-abba","10":"tag-se","11":"tag-svenska","12":"tag-sverige","13":"tag-sweden","14":"tag-swedish","15":"tag-underhallning"},"share_on_mastodon":{"url":"","error":""},"_links":{"self":[{"href":"https:\/\/www.europesays.com\/se\/wp-json\/wp\/v2\/posts\/22078","targetHints":{"allow":["GET"]}}],"collection":[{"href":"https:\/\/www.europesays.com\/se\/wp-json\/wp\/v2\/posts"}],"about":[{"href":"https:\/\/www.europesays.com\/se\/wp-json\/wp\/v2\/types\/post"}],"author":[{"embeddable":true,"href":"https:\/\/www.europesays.com\/se\/wp-json\/wp\/v2\/users\/2"}],"replies":[{"embeddable":true,"href":"https:\/\/www.europesays.com\/se\/wp-json\/wp\/v2\/comments?post=22078"}],"version-history":[{"count":0,"href":"https:\/\/www.europesays.com\/se\/wp-json\/wp\/v2\/posts\/22078\/revisions"}],"wp:featuredmedia":[{"embeddable":true,"href":"https:\/\/www.europesays.com\/se\/wp-json\/wp\/v2\/media\/22079"}],"wp:attachment":[{"href":"https:\/\/www.europesays.com\/se\/wp-json\/wp\/v2\/media?parent=22078"}],"wp:term":[{"taxonomy":"category","embeddable":true,"href":"https:\/\/www.europesays.com\/se\/wp-json\/wp\/v2\/categories?post=22078"},{"taxonomy":"post_tag","embeddable":true,"href":"https:\/\/www.europesays.com\/se\/wp-json\/wp\/v2\/tags?post=22078"}],"curies":[{"name":"wp","href":"https:\/\/api.w.org\/{rel}","templated":true}]}}