{"id":220893,"date":"2026-04-18T06:13:34","date_gmt":"2026-04-18T06:13:34","guid":{"rendered":"https:\/\/www.europesays.com\/se\/220893\/"},"modified":"2026-04-18T06:13:34","modified_gmt":"2026-04-18T06:13:34","slug":"buschs-angrepp-om-foraldraforsakringen-pungslar-foraldrarna","status":"publish","type":"post","link":"https:\/\/www.europesays.com\/se\/220893\/","title":{"rendered":"Buschs angrepp om f\u00f6r\u00e4ldraf\u00f6rs\u00e4kringen: \u201dPungsl\u00e5r f\u00f6r\u00e4ldrarna\u201d"},"content":{"rendered":"<p><a class=\"wing-tag\" href=\"https:\/\/www.expressen.se\/om\/val-2026\/\" rel=\"nofollow noopener\" target=\"_blank\">Val 2026<\/a><\/p>\n<p>Uppdaterad 17 apr 2026 kl 13.51Publicerad 17 apr 2026 kl 11.08<\/p>\n<p>KD vill slopa pappam\u00e5naderna.<\/p>\n<p>Ebba Busch attackerar nu de r\u00f6dgr\u00f6na partierna om f\u00f6r\u00e4ldraf\u00f6rs\u00e4kringen.<\/p>\n<p>Hon h\u00e5ller inte med om att fler pappadagar \u00e4r en j\u00e4mst\u00e4lldhetsfr\u00e5ga.<\/p>\n<p>\u2013 Det \u00e4r inte avg\u00f6rande f\u00f6r om man f\u00e5r en karl som inte \u00e4r en dinosaurie, s\u00e4ger hon.<\/p>\n<p><img loading=\"lazy\"   alt=\"\"\/><\/p>\n<p>Ta bort pappam\u00e5naderna i f\u00f6r\u00e4ldraf\u00f6rs\u00e4kringen, tycker Ebba Busch.<\/p>\n<p>Foto: OLLE SPORRONG<\/p>\n<p>\u00d6ppna bild i helsk\u00e4rm<img loading=\"lazy\"   alt=\"\"\/><\/p>\n<p>KD-ledaren Ebba Busch.<\/p>\n<p>Foto: Christine Olsson\/TT<\/p>\n<p>\u00d6ppna bild i helsk\u00e4rmArtikeln i korthet<\/p>\n<p> Kristdemokraterna vill avskaffa pappam\u00e5naderna.<\/p>\n<p> Partiledaren Ebba Busch attackerar de r\u00f6dgr\u00f6na partierna f\u00f6r att vilja detaljstyra hur f\u00f6r\u00e4ldrarna delar upp dagarna.<\/p>\n<p> Hon f\u00e5r mothugg fr\u00e5n C-ledaren Elisabeth Thand Ringqvist som varnar f\u00f6r \u00f6kad oj\u00e4mst\u00e4lldhet om m\u00e5naderna tas bort.<\/p>\n<p>Visa mer<\/p>\n<p>Kristdemokraterna vill helt avskaffa pappam\u00e5naderna i f\u00f6r\u00e4ldraf\u00f6rs\u00e4kringen och partiledaren <a href=\"https:\/\/www.expressen.se\/tagg\/person\/ebba-busch\/\" class=\"\" rel=\"nofollow noopener\" target=\"_blank\">Ebba Busch<\/a> har gjort klart att hon kommer driva fr\u00e5gan h\u00e5rt om Tid\u00f6partierna skulle vinna valet.<\/p>\n<p>I sitt tal p\u00e5 KD-dagarna i J\u00f6nk\u00f6ping g\u00e5r Busch till angrepp mot de r\u00f6dgr\u00f6na partierna och f\u00f6rslagen om \u00f6kad kvotering av f\u00f6r\u00e4ldraf\u00f6rs\u00e4kringen.<\/p>\n<p>S vill till exempel se en tredelad f\u00f6r\u00e4ldraf\u00f6rs\u00e4kring, d\u00e4r en tredjedel \u00e4r vikt f\u00f6r vardera f\u00f6r\u00e4ldern och en tredjedel kan f\u00f6rdelas fritt sinsemellan.<\/p>\n<p>Ebba Busch menar att en mer uppdelad f\u00f6r\u00e4ldraf\u00f6rs\u00e4kring skulle kunna p\u00e5verka hur l\u00e4nge mamman kan amma.<\/p>\n<p>\u2013 H\u00e4r \u00e4r fem politiker nere p\u00e5 niv\u00e5n att de vill styra kvinnors m\u00f6jligheter till amning. F\u00f6rst\u00e5r ni niv\u00e5n av detaljstyre? s\u00e4ger hon.<\/p>\n<p><img loading=\"lazy\"   alt=\"\"\/><\/p>\n<p>Ebba Busch under talet i J\u00f6nk\u00f6ping.<\/p>\n<p>Foto: Adam Ihse\/TT<\/p>\n<p>\u00d6ppna bild i helsk\u00e4rm\u201dFattigm\u00e5nader\u201d<\/p>\n<p>\u00c4ven om fler dagar knyts till pappan kommer kvinnor vilja vara hemma mer, men d\u00e5 utan ers\u00e4ttning, befarar Busch.<\/p>\n<p>\u2013 De r\u00f6dgr\u00f6na partierna vill pungsl\u00e5 f\u00f6r\u00e4ldrarna n\u00e4r pengarna beh\u00f6vs som mest.<\/p>\n<p>Att dela mer av f\u00f6r\u00e4ldraf\u00f6rs\u00e4kringen ses av f\u00f6respr\u00e5karna som en viktig j\u00e4mst\u00e4lldhetsfr\u00e5ga, som skulle ge kvinnor en b\u00e4ttre st\u00e4llning p\u00e5 arbetsmarknaden.<\/p>\n<p>Busch h\u00e5ller inte med.<\/p>\n<p>\u2013 Det \u00e4r inte avg\u00f6rande f\u00f6r om man f\u00e5r en karl som inte \u00e4r en dinosaurie och inte hj\u00e4lper till och tar ur diskmaskinen utan att man s\u00e4ger \u00e5t honom. Det \u00e4r andra faktorer, s\u00e4ger hon.<\/p>\n<p>Grundproblemet \u00e4r i st\u00e4llet den k\u00f6nssegregerade arbetsmarknaden.<\/p>\n<p>\u2013 Att l\u00e5sa mer av f\u00f6r\u00e4ldraf\u00f6rs\u00e4kringen kommer inte f\u00f6rb\u00e4ttra kvinnors pensioner eller l\u00f6neutveckling, s\u00e4ger Busch.<\/p>\n<p>Centerledaren Elisabeth Thand Ringqvist \u00e4r kritisk till hela utspelet om f\u00f6r\u00e4ldraf\u00f6rs\u00e4kringen.<\/p>\n<p>\u201dSamtidigt som vi ser ett trendbrott d\u00e4r pappor tar ut mindre f\u00f6r\u00e4ldraledighet vill Ebba Busch slopa pappam\u00e5naderna. Det kommer \u00f6ka den ekonomiska oj\u00e4mlikheten b\u00e5de i termer av l\u00e4gre l\u00f6n och pension f\u00f6r den som \u00e4r hemma l\u00e4ngre\u201d, skriver hon p\u00e5 <a href=\"https:\/\/x.com\/elisabethtr\/status\/2045076260150255805?s=20\" rel=\"nofollow\">X<\/a>.<\/p>\n<p>\u201dTv\u00e5 steg efter\u201d lagar<\/p>\n<p>Andra krav som KD kommer g\u00e5 till val p\u00e5 \u00e4r ett fast barnmorsketeam f\u00f6r f\u00f6dande kvinnor. Ocks\u00e5 ett f\u00f6rstatligande av v\u00e5rden kommer att v\u00e4ga tungt i en regeringsf\u00f6rhandling, <a href=\"https:\/\/www.expressen.se\/nyheter\/sverige\/slopa-alla-pappamanader-kds-krav-i-ny-regering\" rel=\"nofollow noopener\" target=\"_blank\">har Busch slagit fast.<\/a><\/p>\n<p>Under Tid\u00f6regeringens tid har Sverige g\u00e5tt \u201dfr\u00e5n kaos till ordning\u201d, menar Ebba Busch, som bland annat tog upp kortade v\u00e5rdk\u00f6er, s\u00e4nkta skatter och l\u00e4gre bensinpris.<\/p>\n<p>Den S-ledda regeringen f\u00f6rm\u00e5dde inte komma till r\u00e4tta med problemen, enligt henne.<\/p>\n<p>\u2013 De r\u00f6dgr\u00f6na var hela tiden tv\u00e5 steg efter, helt upptagna med sina egna problem, s\u00e5 de kunde inte staka ut en tydlig riktning mot framtiden, s\u00e4ger Busch.<\/p>\n<p>\u2013 De var l\u00e4gst ner p\u00e5 Maslows behovstrappa. De var tvungna att st\u00e4lla sig fr\u00e5gor som: Har vi ens en regering i morgon? forts\u00e4tter hon.<\/p>\n","protected":false},"excerpt":{"rendered":"Val 2026 Uppdaterad 17 apr 2026 kl 13.51Publicerad 17 apr 2026 kl 11.08 KD vill slopa pappam\u00e5naderna. Ebba&hellip;\n","protected":false},"author":2,"featured_media":220894,"comment_status":"","ping_status":"","sticky":false,"template":"","format":"standard","meta":{"footnotes":"","_share_on_mastodon":"0"},"categories":[5],"tags":[22,23,26,27,17,21,24,25,28,29,15,3464,16,44,874,18,34,583,31,33,32,30,19,17579,152,17580,20],"class_list":["post-220893","post","type-post","status-publish","format-standard","has-post-thumbnail","category-rubriker","tag-breaking-news","tag-breakingnews","tag-featured-news","tag-featurednews","tag-headlines","tag-huvudnyheter","tag-latest-news","tag-latestnews","tag-main-news","tag-mainnews","tag-news","tag-newsstory-val-2026","tag-nyheter","tag-organization-kristdemokraterna","tag-person-ebba-busch","tag-rubriker","tag-se","tag-sections-politik","tag-svenska","tag-sverige","tag-sweden","tag-swedish","tag-top-stories","tag-topic-foraldraledighet","tag-topic-inrikespolitik","tag-topic-socialforsakringen","tag-topstories"],"share_on_mastodon":{"url":"https:\/\/pubeurope.com\/@se\/116424239005871784","error":""},"_links":{"self":[{"href":"https:\/\/www.europesays.com\/se\/wp-json\/wp\/v2\/posts\/220893","targetHints":{"allow":["GET"]}}],"collection":[{"href":"https:\/\/www.europesays.com\/se\/wp-json\/wp\/v2\/posts"}],"about":[{"href":"https:\/\/www.europesays.com\/se\/wp-json\/wp\/v2\/types\/post"}],"author":[{"embeddable":true,"href":"https:\/\/www.europesays.com\/se\/wp-json\/wp\/v2\/users\/2"}],"replies":[{"embeddable":true,"href":"https:\/\/www.europesays.com\/se\/wp-json\/wp\/v2\/comments?post=220893"}],"version-history":[{"count":0,"href":"https:\/\/www.europesays.com\/se\/wp-json\/wp\/v2\/posts\/220893\/revisions"}],"wp:featuredmedia":[{"embeddable":true,"href":"https:\/\/www.europesays.com\/se\/wp-json\/wp\/v2\/media\/220894"}],"wp:attachment":[{"href":"https:\/\/www.europesays.com\/se\/wp-json\/wp\/v2\/media?parent=220893"}],"wp:term":[{"taxonomy":"category","embeddable":true,"href":"https:\/\/www.europesays.com\/se\/wp-json\/wp\/v2\/categories?post=220893"},{"taxonomy":"post_tag","embeddable":true,"href":"https:\/\/www.europesays.com\/se\/wp-json\/wp\/v2\/tags?post=220893"}],"curies":[{"name":"wp","href":"https:\/\/api.w.org\/{rel}","templated":true}]}}