{"id":221676,"date":"2026-04-19T09:13:10","date_gmt":"2026-04-19T09:13:10","guid":{"rendered":"https:\/\/www.europesays.com\/se\/221676\/"},"modified":"2026-04-19T09:13:10","modified_gmt":"2026-04-19T09:13:10","slug":"natalie-portman-ar-gravid-tanguy-destable-trejde-barnet","status":"publish","type":"post","link":"https:\/\/www.europesays.com\/se\/221676\/","title":{"rendered":"Natalie Portman \u00e4r gravid Tanguy Destable trejde barnet"},"content":{"rendered":"<p>Publicerad 19 apr 2026 kl 10.54<\/p>\n<p>Natalie Portman, 44, v\u00e4ntar barn.<\/p>\n<p>Sk\u00e5despelaren tillbringar graviditeten i Paris med pojkv\u00e4nnen Tanguy Destable.<\/p>\n<p>\u2013 Jag vet hur lyckligt lottad jag \u00e4r, s\u00e4ger hon till <a href=\"https:\/\/www.harpersbazaar.com\/celebrity\/a71052648\/natalie-portman-third-pregnancy-interview-2026\/\" rel=\"nofollow noopener\" target=\"_blank\">Harper\u2019s Bazaar.<\/a>\u00a0<\/p>\n<p><img   alt=\"\"\/><\/p>\n<p>Natalie Portman v\u00e4ntar sitt f\u00f6rsta gemensamma barn med musikern Tanguy Destable<\/p>\n<p>Foto: GUILLAUME HORCAJUELO \/ EPA TT NYHETSBYR\u00c5N<\/p>\n<p>\u00d6ppna bild i helsk\u00e4rm<\/p>\n<p>F\u00f6r tidningen <a href=\"https:\/\/www.harpersbazaar.com\/celebrity\/a71052648\/natalie-portman-third-pregnancy-interview-2026\/\" rel=\"nofollow noopener\" target=\"_blank\">Harper\u2019s Bazaar <\/a>bekr\u00e4ftar Hollywoodstj\u00e4rnan <a href=\"https:\/\/www.expressen.se\/tagg\/person\/natalie-portman\/\" class=\"\" rel=\"nofollow noopener\" target=\"_blank\">Natalie Portman<\/a>, 44, att hon v\u00e4ntar barn med sin pojkv\u00e4n, Tanguy Destable, 45.<\/p>\n<p>\u2013\u00a0Jag och Tanguy \u00e4r v\u00e4ldigt glada, s\u00e4ger hon till tidningen.<\/p>\n<p>Portman har sedan tidigare barnen Aleph, 14 \u00e5r och Amalia, 9 \u00e5r, med exmaken Benjamin Millepied.<\/p>\n<p>Eftersom Natalie Portmans pappa \u00e4r fertilitetsl\u00e4kare, k\u00e4nner hon till vilka utmaningar resan till f\u00f6r\u00e4ldraskap kan inneb\u00e4ra.<\/p>\n<p>\u2013 I min uppv\u00e4xt fick jag veta hur sv\u00e5rt det kan vara att bli gravid, och jag k\u00e4nner m\u00e5nga m\u00e4nniskor, som jag \u00e4lskar, som har haft sv\u00e5rt med det, s\u00e5 jag vill ocks\u00e5 visa respekt f\u00f6r det. Det \u00e4r en s\u00e5 vacker och gl\u00e4djefylld sak, men inte n\u00e5got enkelt.<\/p>\n<p>\u201dV\u00e4ldigt tacksam\u201d<\/p>\n<p>Portman tillbringar graviditeten i Paris och umg\u00e5s mycket med sina barn. Hon s\u00e4ger till tidningen att hon m\u00e5r fysiskt bra och att denna graviditet liknar hennes tidigare.<\/p>\n<p>\u2013 Jag vet hur lyckligt lottad jag \u00e4r. Jag \u00e4r mycket medveten om det, och jag \u00e4r v\u00e4ldigt tacksam, s\u00e4ger hon.<\/p>\n<p>Hon ber\u00e4ttar ocks\u00e5 att hon inte har n\u00e5gra anm\u00e4rkningsv\u00e4rda graviditetscravings. Bara mycket frukt, helst ananas och melon.<\/p>\n","protected":false},"excerpt":{"rendered":"Publicerad 19 apr 2026 kl 10.54 Natalie Portman, 44, v\u00e4ntar barn. Sk\u00e5despelaren tillbringar graviditeten i Paris med pojkv\u00e4nnen&hellip;\n","protected":false},"author":2,"featured_media":221677,"comment_status":"","ping_status":"","sticky":false,"template":"","format":"standard","meta":{"footnotes":"","_share_on_mastodon":"0"},"categories":[67],"tags":[104,4570,4551,34,31,33,32,30,687,105],"class_list":["post-221676","post","type-post","status-publish","format-standard","has-post-thumbnail","category-underhallning","tag-entertainment","tag-location-paris","tag-person-natalie-portman","tag-se","tag-svenska","tag-sverige","tag-sweden","tag-swedish","tag-topic-graviditet","tag-underhallning"],"share_on_mastodon":{"url":"https:\/\/pubeurope.com\/@se\/116430609164375384","error":""},"_links":{"self":[{"href":"https:\/\/www.europesays.com\/se\/wp-json\/wp\/v2\/posts\/221676","targetHints":{"allow":["GET"]}}],"collection":[{"href":"https:\/\/www.europesays.com\/se\/wp-json\/wp\/v2\/posts"}],"about":[{"href":"https:\/\/www.europesays.com\/se\/wp-json\/wp\/v2\/types\/post"}],"author":[{"embeddable":true,"href":"https:\/\/www.europesays.com\/se\/wp-json\/wp\/v2\/users\/2"}],"replies":[{"embeddable":true,"href":"https:\/\/www.europesays.com\/se\/wp-json\/wp\/v2\/comments?post=221676"}],"version-history":[{"count":0,"href":"https:\/\/www.europesays.com\/se\/wp-json\/wp\/v2\/posts\/221676\/revisions"}],"wp:featuredmedia":[{"embeddable":true,"href":"https:\/\/www.europesays.com\/se\/wp-json\/wp\/v2\/media\/221677"}],"wp:attachment":[{"href":"https:\/\/www.europesays.com\/se\/wp-json\/wp\/v2\/media?parent=221676"}],"wp:term":[{"taxonomy":"category","embeddable":true,"href":"https:\/\/www.europesays.com\/se\/wp-json\/wp\/v2\/categories?post=221676"},{"taxonomy":"post_tag","embeddable":true,"href":"https:\/\/www.europesays.com\/se\/wp-json\/wp\/v2\/tags?post=221676"}],"curies":[{"name":"wp","href":"https:\/\/api.w.org\/{rel}","templated":true}]}}