{"id":22171,"date":"2025-09-04T20:54:08","date_gmt":"2025-09-04T20:54:08","guid":{"rendered":"https:\/\/www.europesays.com\/se\/22171\/"},"modified":"2025-09-04T20:54:08","modified_gmt":"2025-09-04T20:54:08","slug":"messiah-hallbergs-grova-dermot-clemenger-skamt","status":"publish","type":"post","link":"https:\/\/www.europesays.com\/se\/22171\/","title":{"rendered":"Messiah Hallbergs grova Dermot Clemenger-sk\u00e4mt"},"content":{"rendered":"<p>Publicerad 4 sep 2025 kl 22.03<\/p>\n<p>\u00c5rets mest sv\u00e5rers\u00e4ttliga.<\/p>\n<p>Dermot Clemenger vinner programledaren Messiah Hallbergs p\u00e5hittade pris p\u00e5 Kristallengalan \u2013 samtidigt som Expressens video p\u00e5 en springande Clemenger visas.<\/p>\n<p>\u2013 Hur sv\u00e5rt ska det vara att hitta en brittisk dansdomare? fr\u00e5gar sig Hallberg.<\/p>\n<p><img loading=\"lazy\"   alt=\"\"\/><\/p>\n<p>Messiah Hallberg.<\/p>\n<p>Foto: Anders Wiklund\/TT \/ TT NYHETSBYR\u00c5N<\/p>\n<p>\u00d6ppna bild i helsk\u00e4rm<img loading=\"lazy\"   alt=\"\"\/><\/p>\n<p>Dermot Clemenger som springer i v\u00e4g fr\u00e5n Expressens reporter.<\/p>\n<p>Foto: Anna-Karin Nilsson<\/p>\n<p>\u00d6ppna bild i helsk\u00e4rm<\/p>\n<p>Videon d\u00e4r Expressens reporter hittar efterlyste <a href=\"https:\/\/www.expressen.se\/tagg\/person\/dermot-clemenger\/\" class=\"\" rel=\"nofollow noopener\" target=\"_blank\">Dermot Clemenger<\/a> i London har blivit omtalad.<\/p>\n<p>Den tidigare \u201dLet&#8217;s dance\u201d-domaren \u00e4r efterlyst f\u00f6r flera sexk\u00f6p.<\/p>\n<p>Under torsdagens Kristallengala visades videon d\u00e4r Clemenger springer i v\u00e4g fr\u00e5n reportern i SVT Play. Samtidigt sk\u00e4mtade Messiah Hallberg om att Clemenger \u00e4r \u00e5rets mest sv\u00e5rers\u00e4ttliga \u2013 n\u00e4r programledaren delade ut egna p\u00e5hittade Kristallpriser.<\/p>\n<p>\u2013 En man som l\u00e4mnade sitt jobb p\u00e5 TV4 visade sig vara s\u00e5 sv\u00e5r att ers\u00e4tta att TV4 skickade ut Interpol, sk\u00e4mtade Hallberg och fortsatte sedan.<\/p>\n<p>\u2013 Hur sv\u00e5rt ska det vara att hitta en brittisk dansdomare? Nu var de tvungna att ers\u00e4tta honom med Eric Saade och det gick ju som det gick.<\/p>\n<p>Hallberg avslutade sedan med att dela ut k\u00e4ngor till s\u00e5v\u00e4l Eric Saade som M\u00e5ns Zelmerl\u00f6w.<\/p>\n<p>\u2013 Han \u00e4r inte s\u00e5 folklig Eric Saade. D\u00e5 m\u00e5ste man g\u00e5 M\u00e5ns Zelmerl\u00f6w, alla \u00e4lskar M\u00e5ns om man inte \u00e4lskar M\u00e5ns blir han j\u00e4ttearg har jag h\u00f6rt, sk\u00e4mtade Hallberg.<\/p>\n","protected":false},"excerpt":{"rendered":"Publicerad 4 sep 2025 kl 22.03 \u00c5rets mest sv\u00e5rers\u00e4ttliga. Dermot Clemenger vinner programledaren Messiah Hallbergs p\u00e5hittade pris p\u00e5&hellip;\n","protected":false},"author":2,"featured_media":22172,"comment_status":"","ping_status":"","sticky":false,"template":"","format":"standard","meta":{"footnotes":""},"categories":[67],"tags":[104,544,384,1204,34,31,33,32,30,646,105],"class_list":{"0":"post-22171","1":"post","2":"type-post","3":"status-publish","4":"format-standard","5":"has-post-thumbnail","7":"category-underhallning","8":"tag-entertainment","9":"tag-organization-svt-play","10":"tag-organization-tv4","11":"tag-person-dermot-clemenger","12":"tag-se","13":"tag-svenska","14":"tag-sverige","15":"tag-sweden","16":"tag-swedish","17":"tag-topic-tv-serier","18":"tag-underhallning"},"share_on_mastodon":{"url":"","error":""},"_links":{"self":[{"href":"https:\/\/www.europesays.com\/se\/wp-json\/wp\/v2\/posts\/22171","targetHints":{"allow":["GET"]}}],"collection":[{"href":"https:\/\/www.europesays.com\/se\/wp-json\/wp\/v2\/posts"}],"about":[{"href":"https:\/\/www.europesays.com\/se\/wp-json\/wp\/v2\/types\/post"}],"author":[{"embeddable":true,"href":"https:\/\/www.europesays.com\/se\/wp-json\/wp\/v2\/users\/2"}],"replies":[{"embeddable":true,"href":"https:\/\/www.europesays.com\/se\/wp-json\/wp\/v2\/comments?post=22171"}],"version-history":[{"count":0,"href":"https:\/\/www.europesays.com\/se\/wp-json\/wp\/v2\/posts\/22171\/revisions"}],"wp:featuredmedia":[{"embeddable":true,"href":"https:\/\/www.europesays.com\/se\/wp-json\/wp\/v2\/media\/22172"}],"wp:attachment":[{"href":"https:\/\/www.europesays.com\/se\/wp-json\/wp\/v2\/media?parent=22171"}],"wp:term":[{"taxonomy":"category","embeddable":true,"href":"https:\/\/www.europesays.com\/se\/wp-json\/wp\/v2\/categories?post=22171"},{"taxonomy":"post_tag","embeddable":true,"href":"https:\/\/www.europesays.com\/se\/wp-json\/wp\/v2\/tags?post=22171"}],"curies":[{"name":"wp","href":"https:\/\/api.w.org\/{rel}","templated":true}]}}