{"id":22177,"date":"2025-09-04T20:59:09","date_gmt":"2025-09-04T20:59:09","guid":{"rendered":"https:\/\/www.europesays.com\/se\/22177\/"},"modified":"2025-09-04T20:59:09","modified_gmt":"2025-09-04T20:59:09","slug":"uppgift-skarpta-regler-for-anhoriginvandring","status":"publish","type":"post","link":"https:\/\/www.europesays.com\/se\/22177\/","title":{"rendered":"Uppgift: Sk\u00e4rpta regler f\u00f6r anh\u00f6riginvandring"},"content":{"rendered":"<p>En utredning som p\u00e5 fredagen l\u00e4mnas \u00f6ver till migrationsminister Johan Forssell (M) f\u00f6resl\u00e5r sk\u00e4rpta regler f\u00f6r anh\u00f6riginvandring, enligt SvD:s uppgifter. <\/p>\n<p>En ny huvudregel ska inf\u00f6ras, som inneb\u00e4r att m\u00e4nniskor som vill ta en anh\u00f6rig till Sverige m\u00e5ste ha bott h\u00e4r i minst tv\u00e5 \u00e5r. Innan dess ska det inte g\u00e5 att s\u00f6ka uppeh\u00e5llstillst\u00e5nd, och det beskrivs som den st\u00f6rsta f\u00f6r\u00e4ndringen. <\/p>\n<p>Utredningen inleddes f\u00f6r tv\u00e5 \u00e5r sedan och regeringen har varit tydlig med att ambitionen \u00e4r att reglerna ska stramas \u00e5t. \u00c4ven flera andra f\u00f6r\u00e4ndringar f\u00f6resl\u00e5s, men av uppgifterna framg\u00e5r inte vilka. <\/p>\n<p>Omni \u00e4r politiskt obundna och oberoende. Vi str\u00e4var efter att ge fler perspektiv p\u00e5 nyheterna. Har du fr\u00e5gor eller synpunkter kring v\u00e5r rapportering? <a href=\"https:\/\/omni.se\/uppgifter-skarpta-regler-for-anhoriginvandring\/a\/mailto:redaktion@omni.se\" class=\"ArticleActions_contactLink__W2F1M\" rel=\"nofollow noopener\" target=\"_blank\">Kontakta redaktionen<\/a><\/p>\n","protected":false},"excerpt":{"rendered":"En utredning som p\u00e5 fredagen l\u00e4mnas \u00f6ver till migrationsminister Johan Forssell (M) f\u00f6resl\u00e5r sk\u00e4rpta regler f\u00f6r anh\u00f6riginvandring, enligt&hellip;\n","protected":false},"author":2,"featured_media":22178,"comment_status":"","ping_status":"","sticky":false,"template":"","format":"standard","meta":{"footnotes":""},"categories":[5],"tags":[22,23,26,27,17,21,2693,24,25,28,29,1510,15,16,369,18,34,31,33,32,30,19,20],"class_list":{"0":"post-22177","1":"post","2":"type-post","3":"status-publish","4":"format-standard","5":"has-post-thumbnail","7":"category-rubriker","8":"tag-breaking-news","9":"tag-breakingnews","10":"tag-featured-news","11":"tag-featurednews","12":"tag-headlines","13":"tag-huvudnyheter","14":"tag-johan-forssell","15":"tag-latest-news","16":"tag-latestnews","17":"tag-main-news","18":"tag-mainnews","19":"tag-migrationspolitik","20":"tag-news","21":"tag-nyheter","22":"tag-politik","23":"tag-rubriker","24":"tag-se","25":"tag-svenska","26":"tag-sverige","27":"tag-sweden","28":"tag-swedish","29":"tag-top-stories","30":"tag-topstories"},"share_on_mastodon":{"url":"","error":""},"_links":{"self":[{"href":"https:\/\/www.europesays.com\/se\/wp-json\/wp\/v2\/posts\/22177","targetHints":{"allow":["GET"]}}],"collection":[{"href":"https:\/\/www.europesays.com\/se\/wp-json\/wp\/v2\/posts"}],"about":[{"href":"https:\/\/www.europesays.com\/se\/wp-json\/wp\/v2\/types\/post"}],"author":[{"embeddable":true,"href":"https:\/\/www.europesays.com\/se\/wp-json\/wp\/v2\/users\/2"}],"replies":[{"embeddable":true,"href":"https:\/\/www.europesays.com\/se\/wp-json\/wp\/v2\/comments?post=22177"}],"version-history":[{"count":0,"href":"https:\/\/www.europesays.com\/se\/wp-json\/wp\/v2\/posts\/22177\/revisions"}],"wp:featuredmedia":[{"embeddable":true,"href":"https:\/\/www.europesays.com\/se\/wp-json\/wp\/v2\/media\/22178"}],"wp:attachment":[{"href":"https:\/\/www.europesays.com\/se\/wp-json\/wp\/v2\/media?parent=22177"}],"wp:term":[{"taxonomy":"category","embeddable":true,"href":"https:\/\/www.europesays.com\/se\/wp-json\/wp\/v2\/categories?post=22177"},{"taxonomy":"post_tag","embeddable":true,"href":"https:\/\/www.europesays.com\/se\/wp-json\/wp\/v2\/tags?post=22177"}],"curies":[{"name":"wp","href":"https:\/\/api.w.org\/{rel}","templated":true}]}}