{"id":22187,"date":"2025-09-04T21:10:08","date_gmt":"2025-09-04T21:10:08","guid":{"rendered":"https:\/\/www.europesays.com\/se\/22187\/"},"modified":"2025-09-04T21:10:08","modified_gmt":"2025-09-04T21:10:08","slug":"prinsessan-madeleine-omplacerar-hunden-oreo","status":"publish","type":"post","link":"https:\/\/www.europesays.com\/se\/22187\/","title":{"rendered":"Prinsessan Madeleine omplacerar hunden Oreo"},"content":{"rendered":"<p>Publicerad 4 sep 2025 kl 21.39Uppdaterad kl 23.07<\/p>\n<p>Prinsessan Madeleine tog med sig hunden Oreo hem fr\u00e5n USA.<\/p>\n<p>Men nu har han flyttat fr\u00e5n familjen.<\/p>\n<p>\u2013 Han bor i ett nytt hem, s\u00e4ger hovets informationschef Margareta Thorgren till <a href=\"https:\/\/www.svenskdam.se\/kungligt\/madeleine-och-chris-omplacerat-sin-hund-oreo-bor-i-nytt-hem\/11007267\" rel=\"nofollow noopener\" target=\"_blank\">Svensk Dam<\/a>.<\/p>\n<p>Senaste klippen fr\u00e5n Expressen inom n\u00f6je och kungligt.<img   alt=\"\"\/><\/p>\n<p>Prinsessan Madeleines hund Oreo har inte synts till p\u00e5 ett tag.<\/p>\n<p>Foto: Mikael Fritzon \/ TT NYHETSBYR\u00c5N<\/p>\n<p>\u00d6ppna bild i helsk\u00e4rm<img loading=\"lazy\"   alt=\"\"\/><\/p>\n<p>Prinsessan Adrienne, prins Nicholas och prinsessan Leonore hade en mysig stund med hundarna Teddy och Oreo.<\/p>\n<p>Foto: Instagram<\/p>\n<p>\u00d6ppna bild i helsk\u00e4rm<\/p>\n<p><a href=\"https:\/\/www.expressen.se\/tagg\/person\/prinsessan-madeleine\/\" class=\"\" rel=\"nofollow noopener\" target=\"_blank\">Prinsessan Madeleine<\/a> och maken Chris O\u2019Neill har omplacerat sin hund Oreo.<\/p>\n<p>\u2013 Han bor i ett nytt hem och m\u00e5r mycket bra, s\u00e4ger hovets informationschef Margareta Thorgren till <a href=\"https:\/\/www.svenskdam.se\/kungligt\/madeleine-och-chris-omplacerat-sin-hund-oreo-bor-i-nytt-hem\/11007267\" rel=\"nofollow noopener\" target=\"_blank\">Svensk Dam<\/a>.<\/p>\n<p><img loading=\"lazy\"   alt=\"\"\/><\/p>\n<p>Prinsessan Madeleine visade upp Oreo p\u00e5 Instagram i oktober 2022, n\u00e4r familjen nyligen hade adopterat honom fr\u00e5n ett hundstall i Miami.<\/p>\n<p>Foto: Instagram<\/p>\n<p>\u00d6ppna bild i helsk\u00e4rm<img loading=\"lazy\"   alt=\"\"\/><\/p>\n<p>Oreo och Teddy kom bra \u00f6verens, skrev prinsessan.<\/p>\n<p>Foto: Instagram<\/p>\n<p>\u00d6ppna bild i helsk\u00e4rm<\/p>\n<p>Oreo, en bichon havanais, f\u00f6ljde med prinsessan fr\u00e5n USA hem till Sverige i juni f\u00f6rra \u00e5ret. P\u00e5 Arlanda f\u00e5ngades han p\u00e5 bild n\u00e4r han bars i en v\u00e4ska genom ankomsthallen. N\u00e5gra m\u00e5nader senare s\u00e5gs han p\u00e5 promenad med familjens andra hund Teddy \u2013 men sedan dess har han inte synts till.<\/p>\n<p>Nu ber\u00e4ttar allts\u00e5 hovet att Oreo flyttat till ett nytt hem. Men kontakten med Madeleines familj finns kvar.<\/p>\n<p>\u2013 Han tr\u00e4ffar fortfarande Madeleine och Chris, men trivs v\u00e4ldigt bra d\u00e4r han bor nu, s\u00e4ger Margareta Thorgren.<\/p>\n<p><strong>L\u00c4S MER: <\/strong><a href=\"https:\/\/www.expressen.se\/nyheter\/kungligt\/sa-mycket-kostar-minlens-hudvardsrutin-for-ditt-barn\/\" class=\"\" rel=\"nofollow noopener\" target=\"_blank\">S\u00e5 mycket kostar MinLens hudv\u00e5rdsrutin f\u00f6r ditt barn<\/a><\/p>\n","protected":false},"excerpt":{"rendered":"Publicerad 4 sep 2025 kl 21.39Uppdaterad kl 23.07 Prinsessan Madeleine tog med sig hunden Oreo hem fr\u00e5n USA.&hellip;\n","protected":false},"author":2,"featured_media":22188,"comment_status":"","ping_status":"","sticky":false,"template":"","format":"standard","meta":{"footnotes":""},"categories":[67],"tags":[104,2694,34,612,31,33,32,30,527,105],"class_list":{"0":"post-22187","1":"post","2":"type-post","3":"status-publish","4":"format-standard","5":"has-post-thumbnail","7":"category-underhallning","8":"tag-entertainment","9":"tag-person-prinsessan-madeleine","10":"tag-se","11":"tag-sections-kungligt","12":"tag-svenska","13":"tag-sverige","14":"tag-sweden","15":"tag-swedish","16":"tag-topic-djur-natur","17":"tag-underhallning"},"share_on_mastodon":{"url":"","error":""},"_links":{"self":[{"href":"https:\/\/www.europesays.com\/se\/wp-json\/wp\/v2\/posts\/22187","targetHints":{"allow":["GET"]}}],"collection":[{"href":"https:\/\/www.europesays.com\/se\/wp-json\/wp\/v2\/posts"}],"about":[{"href":"https:\/\/www.europesays.com\/se\/wp-json\/wp\/v2\/types\/post"}],"author":[{"embeddable":true,"href":"https:\/\/www.europesays.com\/se\/wp-json\/wp\/v2\/users\/2"}],"replies":[{"embeddable":true,"href":"https:\/\/www.europesays.com\/se\/wp-json\/wp\/v2\/comments?post=22187"}],"version-history":[{"count":0,"href":"https:\/\/www.europesays.com\/se\/wp-json\/wp\/v2\/posts\/22187\/revisions"}],"wp:featuredmedia":[{"embeddable":true,"href":"https:\/\/www.europesays.com\/se\/wp-json\/wp\/v2\/media\/22188"}],"wp:attachment":[{"href":"https:\/\/www.europesays.com\/se\/wp-json\/wp\/v2\/media?parent=22187"}],"wp:term":[{"taxonomy":"category","embeddable":true,"href":"https:\/\/www.europesays.com\/se\/wp-json\/wp\/v2\/categories?post=22187"},{"taxonomy":"post_tag","embeddable":true,"href":"https:\/\/www.europesays.com\/se\/wp-json\/wp\/v2\/tags?post=22187"}],"curies":[{"name":"wp","href":"https:\/\/api.w.org\/{rel}","templated":true}]}}