{"id":22195,"date":"2025-09-04T21:33:07","date_gmt":"2025-09-04T21:33:07","guid":{"rendered":"https:\/\/www.europesays.com\/se\/22195\/"},"modified":"2025-09-04T21:33:07","modified_gmt":"2025-09-04T21:33:07","slug":"bjorn-borg-har-opererats-for-aggressiv-prostatacancer","status":"publish","type":"post","link":"https:\/\/www.europesays.com\/se\/22195\/","title":{"rendered":"Bj\u00f6rn Borg har opererats f\u00f6r aggressiv prostatacancer"},"content":{"rendered":"<p>Tennislegendaren Bj\u00f6rn Borg har opererats f\u00f6r prostatacancer. Det bekr\u00e4ftar han f\u00f6r nyhetsbyr\u00e5n AP. <\/p>\n<p>I hans kommande sj\u00e4lvbiografi \u201cHj\u00e4rtslag\u201d skriver Borg att han under f\u00f6rra \u00e5ret diagnostiserades med en \u201dextremt aggressiv\u201d form av cancern, men att han nu \u00e5terh\u00e4mtar sig efter en operation. 69-\u00e5ringen \u00e4r nu p\u00e5 b\u00e4ttringsv\u00e4gen. <\/p>\n<p>\u2013 Jag har ingenting just nu. Men var sj\u00e4tte m\u00e5nad m\u00e5ste jag g\u00e5 och kolla mig. Processen \u00e4r ingen rolig sak, s\u00e4ger han.<\/p>\n<p>Han till\u00e4gger att han i dag m\u00e5r bra.<\/p>\n<p>\u2013 Jag \u00e4r okej. Och jag k\u00e4nner mig v\u00e4ldigt bra.<\/p>\n<p>Omni \u00e4r politiskt obundna och oberoende. Vi str\u00e4var efter att ge fler perspektiv p\u00e5 nyheterna. Har du fr\u00e5gor eller synpunkter kring v\u00e5r rapportering? <a href=\"https:\/\/omni.se\/bjorn-borg-har-cancer-opererades-forra-aret\/a\/mailto:redaktion@omni.se\" class=\"ArticleActions_contactLink__W2F1M\" rel=\"nofollow noopener\" target=\"_blank\">Kontakta redaktionen<\/a><\/p>\n","protected":false},"excerpt":{"rendered":"Tennislegendaren Bj\u00f6rn Borg har opererats f\u00f6r prostatacancer. Det bekr\u00e4ftar han f\u00f6r nyhetsbyr\u00e5n AP. I hans kommande sj\u00e4lvbiografi \u201cHj\u00e4rtslag\u201d&hellip;\n","protected":false},"author":2,"featured_media":22196,"comment_status":"","ping_status":"","sticky":false,"template":"","format":"standard","meta":{"footnotes":""},"categories":[68],"tags":[2696,34,111,110,31,33,32,30,1670],"class_list":{"0":"post-22195","1":"post","2":"type-post","3":"status-publish","4":"format-standard","5":"has-post-thumbnail","7":"category-sport","8":"tag-bjorn-borg","9":"tag-se","10":"tag-sport","11":"tag-sports","12":"tag-svenska","13":"tag-sverige","14":"tag-sweden","15":"tag-swedish","16":"tag-tennis"},"share_on_mastodon":{"url":"","error":""},"_links":{"self":[{"href":"https:\/\/www.europesays.com\/se\/wp-json\/wp\/v2\/posts\/22195","targetHints":{"allow":["GET"]}}],"collection":[{"href":"https:\/\/www.europesays.com\/se\/wp-json\/wp\/v2\/posts"}],"about":[{"href":"https:\/\/www.europesays.com\/se\/wp-json\/wp\/v2\/types\/post"}],"author":[{"embeddable":true,"href":"https:\/\/www.europesays.com\/se\/wp-json\/wp\/v2\/users\/2"}],"replies":[{"embeddable":true,"href":"https:\/\/www.europesays.com\/se\/wp-json\/wp\/v2\/comments?post=22195"}],"version-history":[{"count":0,"href":"https:\/\/www.europesays.com\/se\/wp-json\/wp\/v2\/posts\/22195\/revisions"}],"wp:featuredmedia":[{"embeddable":true,"href":"https:\/\/www.europesays.com\/se\/wp-json\/wp\/v2\/media\/22196"}],"wp:attachment":[{"href":"https:\/\/www.europesays.com\/se\/wp-json\/wp\/v2\/media?parent=22195"}],"wp:term":[{"taxonomy":"category","embeddable":true,"href":"https:\/\/www.europesays.com\/se\/wp-json\/wp\/v2\/categories?post=22195"},{"taxonomy":"post_tag","embeddable":true,"href":"https:\/\/www.europesays.com\/se\/wp-json\/wp\/v2\/tags?post=22195"}],"curies":[{"name":"wp","href":"https:\/\/api.w.org\/{rel}","templated":true}]}}