{"id":222115,"date":"2026-04-19T19:07:14","date_gmt":"2026-04-19T19:07:14","guid":{"rendered":"https:\/\/www.europesays.com\/se\/222115\/"},"modified":"2026-04-19T19:07:14","modified_gmt":"2026-04-19T19:07:14","slug":"kollapsade-i-tv4s-forradarna-upptackte-sjukdomstillstand","status":"publish","type":"post","link":"https:\/\/www.europesays.com\/se\/222115\/","title":{"rendered":"Kollapsade i TV4:s \u201dF\u00f6rr\u00e4darna\u201d:\u00a0Uppt\u00e4ckte sjukdomstillst\u00e5nd"},"content":{"rendered":"<p>Publicerad 19 apr 2026 kl 19.30<\/p>\n<p>T\u00e4vlingen i premi\u00e4ravsnittet i \u201dF\u00f6rr\u00e4darna\u201d var tuff f\u00f6r Adelina Nikolic.\u00a0<\/p>\n<p>Efter att hon tagit sig upp f\u00f6r backen kollapsade hon.\u00a0<\/p>\n<p>\u2013 D\u00e4r och d\u00e5 fattade jag inte att det var ett sjukdomstillst\u00e5nd, s\u00e4ger hon i Expressens podd \u201dBehind the scenes\u201d.\u00a0<\/p>\n<p><img loading=\"lazy\"   alt=\"\"\/><\/p>\n<p>Adelina Nikolic och en v\u00e4n.<\/p>\n<p>Foto: Anders Wiklund\/TT \/ TT NYHETSBYR\u00c5N<\/p>\n<p>\u00d6ppna bild i helsk\u00e4rm<img loading=\"lazy\"   alt=\"\"\/><\/p>\n<p>Adelina Nikolic tog sig uppf\u00f6r backen \u2013\u00a0sen tog det stopp.<\/p>\n<p>Foto: TV4<\/p>\n<p>\u00d6ppna bild i helsk\u00e4rm<img loading=\"lazy\"   alt=\"\"\/><\/p>\n<p>Under t\u00e4vlingen spr\u00e4ngdes ocks\u00e5 en staty.<\/p>\n<p>Foto: TV4<\/p>\n<p>\u00d6ppna bild i helsk\u00e4rm<\/p>\n<p>I premi\u00e4ravsnittet av \u201d<a href=\"https:\/\/www.expressen.se\/tagg\/organization\/forradarna\/\" class=\"\" rel=\"nofollow noopener\" target=\"_blank\">F\u00f6rr\u00e4darna<\/a>\u201d gick t\u00e4vlingen ut p\u00e5 att deltagarna skulle springa uppf\u00f6r ett brant stentag. \u00a0<\/p>\n<p>Men Adelina Nikolic st\u00f6tte p\u00e5 problem.\u00a0<\/p>\n<p>\u2013 Jag var absolut inte med under hela t\u00e4vlingen, s\u00e4ger hon i Expressens nya podd \u201dBehind the scenes\u201d.\u00a0<\/p>\n<p>N\u00e4r hon sprang upp \u201dh\u00f6ll hon p\u00e5 att d\u00f6\u201d.\u00a0<\/p>\n<p>\u2013 Jag vet att n\u00e4r jag springer d\u00e4r s\u00e5 skrek jag: Fuck jag skulle ha g\u00e5tt p\u00e5 de d\u00e4r pt-timmarna.\u00a0<\/p>\n<p>\u2013 Det var knas.\u00a0<\/p>\n<p>S\u00e5 m\u00e5r hon i dag<\/p>\n<p>N\u00e4r de sen skulle ta sig nerf\u00f6r branten k\u00e4nde Adelina Nikolic att kroppen inte orkade.\u00a0<\/p>\n<p>\u2013 Jag springer till produktionen och bara kraschar. Och d\u00e4r och d\u00e5 fattade jag inte att det var ett sjukdomstillst\u00e5nd, utan att s\u00e4ga f\u00f6r mycket, som jag nu jobbar med med l\u00e4kare.<\/p>\n<p>Adelina Nikolic \u00e4r glad att hon inte fick en stroke eller en hj\u00e4rtattack.\u00a0<\/p>\n<p>\u2013\u00a0Men d\u00e4r och d\u00e5 trodde jag nog att jag var otr\u00e4nad. Men jag \u00e4r glad att jag gjorde backen, jag \u00e4r skitstolt \u00f6ver mig sj\u00e4lv.\u00a0<\/p>\n<p>I dag m\u00e5r hon \u201dhalft okej\u201d.\u00a0<\/p>\n<p>\u2013\u00a0Jag \u00e4r glad att det inte blev v\u00e4rre \u00e4n vad det kunde ha blivit nu i efterhand, s\u00e4ger Adelina Nikolic i \u201dBehind the scenes\u201d.\u00a0<\/p>\n<p>Lyssna p\u00e5 hela avsnittet i spelaren nedan \u2013 <a href=\"https:\/\/6rybs.app.link\/TZfZmkcqo1\" rel=\"nofollow noopener\" target=\"_blank\">eller ladda hem Expressens app f\u00f6r b\u00e4ttre upplevelse<\/a><\/p>\n<p><a href=\"https:\/\/open.spotify.com\/show\/3gmBZ1LtX3iLxUxZuGEkNA\" rel=\"nofollow noopener\" target=\"_blank\">\u2022 Lyssna direkt p\u00e5 Spotify h\u00e4r<\/a><\/p>\n<p>\u2022 <a href=\"https:\/\/podcasts.apple.com\/se\/podcast\/behind-the-scenes\/id1716910362\" rel=\"nofollow noopener\" target=\"_blank\">Lyssna direkt p\u00e5 Podcaster h\u00e4r<\/a><\/p>\n<p><img alt=\"\" loading=\"lazy\"\/>Ljudklippet gick inte att spela upp<\/p>\n<p>F\u00f6rs\u00f6k igen senare<\/p>\n","protected":false},"excerpt":{"rendered":"Publicerad 19 apr 2026 kl 19.30 T\u00e4vlingen i premi\u00e4ravsnittet i \u201dF\u00f6rr\u00e4darna\u201d var tuff f\u00f6r Adelina Nikolic.\u00a0 Efter att&hellip;\n","protected":false},"author":2,"featured_media":222116,"comment_status":"","ping_status":"","sticky":false,"template":"","format":"standard","meta":{"footnotes":"","_share_on_mastodon":"0"},"categories":[67],"tags":[104,17646,4034,384,34,645,31,33,32,30,105],"class_list":["post-222115","post","type-post","status-publish","format-standard","has-post-thumbnail","category-underhallning","tag-entertainment","tag-organization-bts-vodd","tag-organization-forradarna","tag-organization-tv4","tag-se","tag-sections-tv","tag-svenska","tag-sverige","tag-sweden","tag-swedish","tag-underhallning"],"share_on_mastodon":{"url":"https:\/\/pubeurope.com\/@se\/116432944829853927","error":""},"_links":{"self":[{"href":"https:\/\/www.europesays.com\/se\/wp-json\/wp\/v2\/posts\/222115","targetHints":{"allow":["GET"]}}],"collection":[{"href":"https:\/\/www.europesays.com\/se\/wp-json\/wp\/v2\/posts"}],"about":[{"href":"https:\/\/www.europesays.com\/se\/wp-json\/wp\/v2\/types\/post"}],"author":[{"embeddable":true,"href":"https:\/\/www.europesays.com\/se\/wp-json\/wp\/v2\/users\/2"}],"replies":[{"embeddable":true,"href":"https:\/\/www.europesays.com\/se\/wp-json\/wp\/v2\/comments?post=222115"}],"version-history":[{"count":0,"href":"https:\/\/www.europesays.com\/se\/wp-json\/wp\/v2\/posts\/222115\/revisions"}],"wp:featuredmedia":[{"embeddable":true,"href":"https:\/\/www.europesays.com\/se\/wp-json\/wp\/v2\/media\/222116"}],"wp:attachment":[{"href":"https:\/\/www.europesays.com\/se\/wp-json\/wp\/v2\/media?parent=222115"}],"wp:term":[{"taxonomy":"category","embeddable":true,"href":"https:\/\/www.europesays.com\/se\/wp-json\/wp\/v2\/categories?post=222115"},{"taxonomy":"post_tag","embeddable":true,"href":"https:\/\/www.europesays.com\/se\/wp-json\/wp\/v2\/tags?post=222115"}],"curies":[{"name":"wp","href":"https:\/\/api.w.org\/{rel}","templated":true}]}}