{"id":22219,"date":"2025-09-04T22:17:07","date_gmt":"2025-09-04T22:17:07","guid":{"rendered":"https:\/\/www.europesays.com\/se\/22219\/"},"modified":"2025-09-04T22:17:07","modified_gmt":"2025-09-04T22:17:07","slug":"forsvann-fran-solstolen-har-hittats-efter-en-manad","status":"publish","type":"post","link":"https:\/\/www.europesays.com\/se\/22219\/","title":{"rendered":"F\u00f6rsvann fr\u00e5n solstolen \u2013\nhar hittats efter en m\u00e5nad"},"content":{"rendered":"<p>Publicerad 4 sep 2025 kl 23.12<\/p>\n<p>Michele Bourda f\u00f6rsvann sp\u00e5rl\u00f6st fr\u00e5n solstolen p\u00e5 stranden.<\/p>\n<p>En m\u00e5nad senare har 59-\u00e5ringen hittats d\u00f6d fyra mil fr\u00e5n platsen d\u00e4r hon f\u00f6rsvann.<\/p>\n<p>\u2013 De har hittat hennes kropp. Tyv\u00e4rr hade jag v\u00e4ntat mig detta, s\u00e4ger maken Chris till <a href=\"https:\/\/www.dailymail.co.uk\/news\/article-15066515\/British-woman-sunbed-Greek-beach-dead.html\" rel=\"nofollow noopener\" target=\"_blank\">Daily Mail<\/a>.<\/p>\n<p>Senaste nyhetsklippen fr\u00e5n Expressen.<img   alt=\"\"\/><\/p>\n<p>Michele Bourda.<\/p>\n<p>\u00d6ppna bild i helsk\u00e4rm<\/p>\n<p>Den 1 augusti kopplade brittiskan Michele Bourda, 59, av p\u00e5 en solstol tillsammans med sin make Chris i semesterparadiset Kavala i <a href=\"https:\/\/www.expressen.se\/tagg\/location\/grekland\/\" class=\"\" rel=\"nofollow noopener\" target=\"_blank\">Grekland<\/a>.\u00a0<\/p>\n<p>Chris slumrade till, och n\u00e4r han vaknade var Michele borta.<\/p>\n<p>\u2013 Hon verkade ganska glad den dagen. Vi tog ett kort dopp eftersom det bl\u00e5ste och var lite v\u00e5gor. Sedan best\u00e4llde hon n\u00e5gra cr\u00eapes och sa att vi kunde ta en sk\u00f6n tupplur efter\u00e5t. Tyv\u00e4rr somnade jag f\u00f6rst och n\u00e4r jag vaknade var hon inte d\u00e4r, s\u00e4ger Chris.<\/p>\n<p>Hittades fyra mil l\u00e4ngre bort<\/p>\n<p>Hustruns saker l\u00e5g kvar p\u00e5 solstolen, men sj\u00e4lv var hon sp\u00e5rl\u00f6st f\u00f6rsvunnen. Den orolige maken larmade omedelbart myndigheterna eftersom Michele led av sv\u00e5r depression och \u00e5ngest.<\/p>\n<p>\u2013 Hon skulle inte ha gett sig av utan sina pengar, sina glas\u00f6gon eller sin medicin, s\u00e4ger Chris.<\/p>\n<p>Sedan dess har en enorm s\u00f6k- och r\u00e4ddningsinsats p\u00e5g\u00e5tt, b\u00e5de till land och till havs.<\/p>\n<p>Under torsdagen informerades Chris om att polisen hade hittat Micheles kropp p\u00e5 en liten \u00f6, cirka 40 kilometer fr\u00e5n platsen d\u00e4r hon senast s\u00e5gs.<\/p>\n<p>Polisen har p\u00e5b\u00f6rjat en utredning f\u00f6r att f\u00f6rs\u00f6ka klarg\u00f6ra omst\u00e4ndigheterna kring att Micheles kropp hamnade p\u00e5 \u00f6n.<\/p>\n","protected":false},"excerpt":{"rendered":"Publicerad 4 sep 2025 kl 23.12 Michele Bourda f\u00f6rsvann sp\u00e5rl\u00f6st fr\u00e5n solstolen p\u00e5 stranden. En m\u00e5nad senare har&hellip;\n","protected":false},"author":2,"featured_media":22220,"comment_status":"","ping_status":"","sticky":false,"template":"","format":"standard","meta":{"footnotes":""},"categories":[14],"tags":[22,23,26,27,17,21,24,25,502,28,29,15,16,18,34,55,31,33,32,30,19,20,51,52,53,54],"class_list":{"0":"post-22219","1":"post","2":"type-post","3":"status-publish","4":"format-standard","5":"has-post-thumbnail","7":"category-varlden","8":"tag-breaking-news","9":"tag-breakingnews","10":"tag-featured-news","11":"tag-featurednews","12":"tag-headlines","13":"tag-huvudnyheter","14":"tag-latest-news","15":"tag-latestnews","16":"tag-location-grekland","17":"tag-main-news","18":"tag-mainnews","19":"tag-news","20":"tag-nyheter","21":"tag-rubriker","22":"tag-se","23":"tag-sections-varlden","24":"tag-svenska","25":"tag-sverige","26":"tag-sweden","27":"tag-swedish","28":"tag-top-stories","29":"tag-topstories","30":"tag-varlden","31":"tag-world","32":"tag-world-news","33":"tag-worldnews"},"share_on_mastodon":{"url":"","error":""},"_links":{"self":[{"href":"https:\/\/www.europesays.com\/se\/wp-json\/wp\/v2\/posts\/22219","targetHints":{"allow":["GET"]}}],"collection":[{"href":"https:\/\/www.europesays.com\/se\/wp-json\/wp\/v2\/posts"}],"about":[{"href":"https:\/\/www.europesays.com\/se\/wp-json\/wp\/v2\/types\/post"}],"author":[{"embeddable":true,"href":"https:\/\/www.europesays.com\/se\/wp-json\/wp\/v2\/users\/2"}],"replies":[{"embeddable":true,"href":"https:\/\/www.europesays.com\/se\/wp-json\/wp\/v2\/comments?post=22219"}],"version-history":[{"count":0,"href":"https:\/\/www.europesays.com\/se\/wp-json\/wp\/v2\/posts\/22219\/revisions"}],"wp:featuredmedia":[{"embeddable":true,"href":"https:\/\/www.europesays.com\/se\/wp-json\/wp\/v2\/media\/22220"}],"wp:attachment":[{"href":"https:\/\/www.europesays.com\/se\/wp-json\/wp\/v2\/media?parent=22219"}],"wp:term":[{"taxonomy":"category","embeddable":true,"href":"https:\/\/www.europesays.com\/se\/wp-json\/wp\/v2\/categories?post=22219"},{"taxonomy":"post_tag","embeddable":true,"href":"https:\/\/www.europesays.com\/se\/wp-json\/wp\/v2\/tags?post=22219"}],"curies":[{"name":"wp","href":"https:\/\/api.w.org\/{rel}","templated":true}]}}