{"id":22238,"date":"2025-09-04T22:35:13","date_gmt":"2025-09-04T22:35:13","guid":{"rendered":"https:\/\/www.europesays.com\/se\/22238\/"},"modified":"2025-09-04T22:35:13","modified_gmt":"2025-09-04T22:35:13","slug":"lulea-forlorar-trots-malvaktens-jattematch","status":"publish","type":"post","link":"https:\/\/www.europesays.com\/se\/22238\/","title":{"rendered":"Lule\u00e5 f\u00f6rlorar trots m\u00e5lvaktens j\u00e4ttematch"},"content":{"rendered":"<p><strong><a href=\"https:\/\/hockeysverige.se\/klubb\/lulea-hockey\/\" rel=\"nofollow noopener\" target=\"_blank\">Lule\u00e5<\/a> f\u00f6rlorar mot Sparta Prag efter en svag insats i Tjeckien. <br \/>Tack vare ett starkt m\u00e5lvaktsspel av <a href=\"https:\/\/hockeysverige.se\/spelare\/matteus-ward\/\" rel=\"nofollow noopener\" target=\"_blank\">Matteus Ward<\/a> fick de \u00e4nd\u00e5 en po\u00e4ng och f\u00f6rlorade f\u00f6rst med 2-1 efter straffar. <\/strong><\/p>\n<p><img loading=\"lazy\" decoding=\"async\" width=\"1024\" height=\"658\" src=\"https:\/\/www.europesays.com\/se\/wp-content\/uploads\/2025\/09\/Ward-Berglund-1-1024x658.webp.webp\" alt=\"Matteus Ward. Thomas Berglund.\" class=\"wp-image-301522\"  \/>Matteus Ward s\u00e5g till att Lule\u00e5 fick med sig en po\u00e4ng i Tjeckien. Foto: Bildbyr\u00e5n<\/p>\n<p>I <a href=\"https:\/\/hockeysverige.se\/champions-hockey-league\/\" rel=\"nofollow noopener\" target=\"_blank\">Champions Hockey League<\/a> inledde Lule\u00e5 med tv\u00e5 hemmamatcher mot schweiziskt motst\u00e5nd. Det blev f\u00f6rlust 2-3 efter f\u00f6rl\u00e4ngning mot EV Zug och seger 4-2 mot SC Bern f\u00f6r de svenska m\u00e4starna. Under torsdagskv\u00e4llen v\u00e4ntade den f\u00f6rsta bortamatchen d\u00e4r Sparta Prag stod f\u00f6r motst\u00e5ndet. <\/p>\n<p>Det blev ingen h\u00f6jdarmatch direkt och det var m\u00e5ll\u00f6st efter f\u00f6rsta perioden innan nollan spr\u00e4cktes tidigt i mittperioden. Sparta Prag tog ledningen strax innan tv\u00e5 minuters spel. Den tidigare \u00d6rebroforwarden Jakub Krej\u010d\u00edk fick st\u00e5 v\u00e4ldigt fri och serverades av f\u00f6rre Fr\u00f6lundastj\u00e4rnan Michael \u0160pa\u010dek varp\u00e5 Krej\u010d\u00edk kunde skjuta i bortre h\u00f6rnet f\u00f6r att f\u00e5 in pucken bakom Matteus Ward. <\/p>\n<p>Lule\u00e5 svarade dock t\u00e4mligen omg\u00e5ende. Bara n\u00e5gra minuter senare klev stj\u00e4rnforwarden <a href=\"https:\/\/hockeysverige.se\/spelare\/anton-levtchi\/\" rel=\"nofollow noopener\" target=\"_blank\">Anton Levtchi<\/a> fram och skickade in 1-1 efter att Heikki Liedes och <a href=\"https:\/\/hockeysverige.se\/spelare\/pontus-andreasson\/\" rel=\"nofollow noopener\" target=\"_blank\">Pontus Andreasson<\/a> st\u00e5tt f\u00f6r assisten. Men fler m\u00e5l blev det inte. Lule\u00e5 var tillbakatryckta i tredje perioden efter att ha dragit p\u00e5 sig flera utvisningar och Sparta Prag pushade p\u00e5 f\u00f6r ett segerm\u00e5l. Matteus Ward stod d\u00e4remot f\u00f6r en stark match och r\u00e4ddade kvar Lule\u00e5 i matchen. <\/p>\n<p>Lule\u00e5 f\u00f6rlorar trots storspel fr\u00e5n Matteus Ward<\/p>\n<p>Det blev f\u00f6rl\u00e4ngning och \u00e4ven d\u00e4r fick Lule\u00e5 spela boxplay men de lyckades d\u00f6da av utvisningen \u00e4ven den h\u00e4r g\u00e5ngen. I st\u00e4llet skulle det kr\u00e4vas straffar f\u00f6r att f\u00e5 fram en vinnare i matchen. Lule\u00e5 missade dock alla sina fem straffar och den enda m\u00e5lskytten blev NHL-meriterade forwarden Filip Chlap\u00edk f\u00f6r Sparta Prag. Tjeckerna vinner matchen med 2-1 och kniper bonuspo\u00e4ngen. Sparta Prag vann \u00e4ven skotten med hela 31-13 (!) och Lule\u00e5 kan tacka Matteus Ward f\u00f6r po\u00e4ngen. <\/p>\n<p>\u2013 De f\u00e5r med sig en po\u00e4ng fr\u00e5n den h\u00e4r bortamatchen som var stundtals tung f\u00f6r Lule\u00e5. Ett bra m\u00e5lvaktsspel av Ward och uppoffrande f\u00f6rsvarsspel i \u201dpk\u201d gav en po\u00e4ng f\u00f6r Lule\u00e5, s\u00e4ger Viaplays kommentator Magnus Dahlborn efter matchen. <\/p>\n<p>Lule\u00e5 har inlett CHL-spelet med tv\u00e5 f\u00f6rluster p\u00e5 de ter inledande matcherna, men de har \u00e4nd\u00e5 plockat fem po\u00e4ng tack vare att de inte har f\u00f6rlorat i ordinarie tid \u00e4n. H\u00e4rn\u00e4st ska Lule\u00e5 resa till Polen f\u00f6r ett m\u00f6te med GKS Tychy p\u00e5 l\u00f6rdag. <\/p>\n<p><strong>Sparta Prag \u2013 Lule\u00e5 2\u20131 SO (0-0,1-1,0-0,1-0)<\/strong><\/p>\n<p><strong>Sparta Prag: <\/strong>Jakub Krej\u010d\u00edk, Filip Chlap\u00edk (avg\u00f6rande straff).<br \/><strong>Lule\u00e5: <\/strong>Anton Levtchi. <\/p>\n","protected":false},"excerpt":{"rendered":"Lule\u00e5 f\u00f6rlorar mot Sparta Prag efter en svag insats i Tjeckien. Tack vare ett starkt m\u00e5lvaktsspel av Matteus&hellip;\n","protected":false},"author":2,"featured_media":22239,"comment_status":"","ping_status":"","sticky":false,"template":"","format":"standard","meta":{"footnotes":""},"categories":[5],"tags":[22,23,1940,2695,26,27,17,21,24,25,28,29,15,16,18,34,133,31,33,32,30,19,20],"class_list":{"0":"post-22238","1":"post","2":"type-post","3":"status-publish","4":"format-standard","5":"has-post-thumbnail","7":"category-rubriker","8":"tag-breaking-news","9":"tag-breakingnews","10":"tag-champions-hockey-league","11":"tag-chl","12":"tag-featured-news","13":"tag-featurednews","14":"tag-headlines","15":"tag-huvudnyheter","16":"tag-latest-news","17":"tag-latestnews","18":"tag-main-news","19":"tag-mainnews","20":"tag-news","21":"tag-nyheter","22":"tag-rubriker","23":"tag-se","24":"tag-second-news","25":"tag-svenska","26":"tag-sverige","27":"tag-sweden","28":"tag-swedish","29":"tag-top-stories","30":"tag-topstories"},"share_on_mastodon":{"url":"","error":""},"_links":{"self":[{"href":"https:\/\/www.europesays.com\/se\/wp-json\/wp\/v2\/posts\/22238","targetHints":{"allow":["GET"]}}],"collection":[{"href":"https:\/\/www.europesays.com\/se\/wp-json\/wp\/v2\/posts"}],"about":[{"href":"https:\/\/www.europesays.com\/se\/wp-json\/wp\/v2\/types\/post"}],"author":[{"embeddable":true,"href":"https:\/\/www.europesays.com\/se\/wp-json\/wp\/v2\/users\/2"}],"replies":[{"embeddable":true,"href":"https:\/\/www.europesays.com\/se\/wp-json\/wp\/v2\/comments?post=22238"}],"version-history":[{"count":0,"href":"https:\/\/www.europesays.com\/se\/wp-json\/wp\/v2\/posts\/22238\/revisions"}],"wp:featuredmedia":[{"embeddable":true,"href":"https:\/\/www.europesays.com\/se\/wp-json\/wp\/v2\/media\/22239"}],"wp:attachment":[{"href":"https:\/\/www.europesays.com\/se\/wp-json\/wp\/v2\/media?parent=22238"}],"wp:term":[{"taxonomy":"category","embeddable":true,"href":"https:\/\/www.europesays.com\/se\/wp-json\/wp\/v2\/categories?post=22238"},{"taxonomy":"post_tag","embeddable":true,"href":"https:\/\/www.europesays.com\/se\/wp-json\/wp\/v2\/tags?post=22238"}],"curies":[{"name":"wp","href":"https:\/\/api.w.org\/{rel}","templated":true}]}}