{"id":22321,"date":"2025-09-05T03:45:18","date_gmt":"2025-09-05T03:45:18","guid":{"rendered":"https:\/\/www.europesays.com\/se\/22321\/"},"modified":"2025-09-05T03:45:18","modified_gmt":"2025-09-05T03:45:18","slug":"tavlan-stals-av-nazister-nu-ar-den-aterlamnad","status":"publish","type":"post","link":"https:\/\/www.europesays.com\/se\/22321\/","title":{"rendered":"Tavlan stals av nazister \u2013\u00a0nu \u00e4r den \u00e5terl\u00e4mnad"},"content":{"rendered":"<p>Publicerad 4 sep 2025 kl 12.08<\/p>\n<p>En 1700-talstavla stals av nazister f\u00f6r 80 \u00e5r sedan och var sp\u00e5rl\u00f6st f\u00f6rsvunnen.\u00a0<\/p>\n<p>Tills den pl\u00f6tsligt d\u00f6k upp p\u00e5 v\u00e4ggen i en m\u00e4klarannons.<\/p>\n<p>Vid ett tillslag mot huset var tavlan m\u00e4rkligt nog \u00e5terigen f\u00f6rsvunnen.<\/p>\n<p>Men nu tycks mysteriet \u00e4ntligen f\u00e5tt sin l\u00f6sning.<\/p>\n<p><img loading=\"lazy\"   alt=\"\"\/><\/p>\n<p>\u00c5klagaren Daniel Adlers p\u00e5 en presskonferens med den \u00e5terfunna tavlan.<\/p>\n<p>Foto: CHRISTIAN HEIT \/ AP TT NYHETSBYR\u00c5N<\/p>\n<p>\u00d6ppna bild i helsk\u00e4rm<img loading=\"lazy\"   alt=\"\"\/> <\/p>\n<p>Foto: Robles Casas &amp; Campos<\/p>\n<p>\u00d6ppna bild i helsk\u00e4rmArtikeln i korthet<\/p>\n<p> Tavla stulen av nazister f\u00f6r 80 \u00e5r sedan \u00e5terfunnen i Argentina.<\/p>\n<p> Uppt\u00e4cktes i m\u00e4klarannons \u2013 dottern till SS-officer f\u00f6rs\u00f6kte s\u00e4lja huset.<\/p>\n<p> Tavlan g\u00f6mdes undan vid tillslag, men \u00e5terl\u00e4mnades efter husarrest.<\/p>\n<p> Fler naziststulna konstverk kan finnas kvar.<\/p>\n<p>Visa mer<\/p>\n<p>\u201dPortrait of a Lady\u201d, m\u00e5lad av Giuseppe Ghislandi p\u00e5 1700-talet, tillh\u00f6rde den judiska konsthandlaren Jacques Goudstikker, som dog p\u00e5 flykt fr\u00e5n nazisterna under andra v\u00e4rldskriget. Inom bara n\u00e5gra veckor efter Goudstikkers d\u00f6d hade nazisttoppen Hermann G\u00f6ring tagit \u00f6ver hans enorma konstsamling genom en tv\u00e5ngsf\u00f6rs\u00e4ljning \u2013 f\u00f6r en br\u00e5kdel av dess verkliga v\u00e4rde.<\/p>\n<p>I \u00f6ver 80 \u00e5r betraktades tavlan som sp\u00e5rl\u00f6st f\u00f6rsvunnen. <a href=\"https:\/\/www.expressen.se\/nyheter\/sverige\/nya-detaljerna--nazistiskt-stoldgods-upptackt-i-maklarannons-efter-80-ar\/\" rel=\"nofollow noopener\" target=\"_blank\">Tills den d\u00f6k upp \u2013\u00a0i en m\u00e4klarannons<\/a>.<\/p>\n<p>\u00c5terfanns i SS-officerens gamla hus<\/p>\n<p>Lyxhuset som skulle s\u00e4ljas i argentinska turistorten Mar del Plata, \u00e4gdes tidigare av Friedrich Kadgien, SS-officer och G\u00f6rings r\u00e5dgivare. N\u00e4r Tredje riket r\u00e4mnade vid andra v\u00e4rldskrigets slut gjorde Kadgien som m\u00e5nga andra prominenta nazister \u2013\u00a0flydde Europa och byggde upp ett nytt liv i <a href=\"https:\/\/www.expressen.se\/tagg\/location\/argentina\/\" class=\"\" rel=\"nofollow noopener\" target=\"_blank\">Argentina<\/a>, d\u00e4r han fick tv\u00e5 d\u00f6ttrar. Han dog i Buenos Aires 1978.<\/p>\n<p>Det var ena dottern Patricia Kadgien som nyligen lade ut pappans gamla hus till f\u00f6rs\u00e4ljning, och reportrar p\u00e5 nederl\u00e4ndska Algemeen Dagblad uppt\u00e4ckte tavlan p\u00e5 bild nummer fem i m\u00e4klarens annons.<\/p>\n<p>Argentinska myndigheter kopplades in. Men vid ett tillslag mot huset var m\u00e5lningen \u00e5terigen lika sp\u00e5rl\u00f6st f\u00f6rsvunnen som tidigare.<\/p>\n<p>D\u00e4remot fanns det synliga sp\u00e5r av att en tavla h\u00e4ngt p\u00e5 v\u00e4ggen.<\/p>\n<p>\u2013 M\u00f6blerna hade flyttats om och m\u00e5lningen var nedtagen fr\u00e5n v\u00e4ggen. I st\u00e4llet h\u00e4ngde d\u00e4r nu en stor matta, f\u00f6rklarade \u00e5klagaren Carlos Mart\u00ednez, <a href=\"https:\/\/www.bbc.com\/news\/articles\/cn84mld1gr9o\" rel=\"nofollow noopener\" target=\"_blank\">enligt BBC<\/a>.<\/p>\n<p>Dottern sattes i husarrest\u00a0<\/p>\n<p>En domstol beordrade i tisdags husarrest i tre dygn f\u00f6r Patricia Kadgien och hennes man, och dagen efter l\u00e4mnade dottern sj\u00e4lv \u00f6ver tavlan till de argentinska myndigheterna.<\/p>\n<p>\u00c5klagaren menar att paret f\u00f6rs\u00f6kt d\u00f6lja att de haft det stulna konstverket i sin \u00e4go och p\u00e5 torsdag ska de h\u00f6ras i domstol. Eftersom det r\u00f6r sig om egendom som ska ha plundrats under kriget g\u00e4ller ingen preskriptionstid.<\/p>\n<p>M\u00e5nga nazister flydde just till Argentina med st\u00f6ldgods som konst, guld och m\u00f6bler. Flera f\u00f6rem\u00e5l dyker fortfarande upp i landet. F\u00f6r tjugo \u00e5r sedan fick Goudstikkers familj tillbaka 202 tavlor, men m\u00e5nga verk \u00e4r fortfarande borta. Den enda \u00f6verlevande arvingen, sv\u00e4rdottern Marei von Saher, har k\u00e4mpat i decennier f\u00f6r att \u00e5terf\u00f6ra varje konstverk med hj\u00e4lp av sin dotter Charlene von Saher, brittisk f\u00f6re detta OS-konst\u00e5kare.<\/p>\n<p><img loading=\"lazy\"   alt=\"\"\/><\/p>\n<p>Marei von Saher, dottern Charlene (t.h) och familjen fick tillbaka en stor m\u00e4ngd tavlor 2006.<\/p>\n<p>Foto: BAKER &amp; MCKENZIE EN OOSTWAARD AD \/ TT NYHETSBYR\u00c5N<\/p>\n<p>\u00d6ppna bild i helsk\u00e4rm<\/p>\n","protected":false},"excerpt":{"rendered":"Publicerad 4 sep 2025 kl 12.08 En 1700-talstavla stals av nazister f\u00f6r 80 \u00e5r sedan och var sp\u00e5rl\u00f6st&hellip;\n","protected":false},"author":2,"featured_media":22322,"comment_status":"","ping_status":"","sticky":false,"template":"","format":"standard","meta":{"footnotes":""},"categories":[14],"tags":[22,23,26,27,17,21,24,25,763,57,28,29,15,16,2709,18,34,55,31,33,32,30,19,2519,20,51,52,53,54],"class_list":{"0":"post-22321","1":"post","2":"type-post","3":"status-publish","4":"format-standard","5":"has-post-thumbnail","7":"category-varlden","8":"tag-breaking-news","9":"tag-breakingnews","10":"tag-featured-news","11":"tag-featurednews","12":"tag-headlines","13":"tag-huvudnyheter","14":"tag-latest-news","15":"tag-latestnews","16":"tag-location-argentina","17":"tag-location-tyskland","18":"tag-main-news","19":"tag-mainnews","20":"tag-news","21":"tag-nyheter","22":"tag-person-adolf-hitler","23":"tag-rubriker","24":"tag-se","25":"tag-sections-varlden","26":"tag-svenska","27":"tag-sverige","28":"tag-sweden","29":"tag-swedish","30":"tag-top-stories","31":"tag-topic-konst","32":"tag-topstories","33":"tag-varlden","34":"tag-world","35":"tag-world-news","36":"tag-worldnews"},"share_on_mastodon":{"url":"","error":""},"_links":{"self":[{"href":"https:\/\/www.europesays.com\/se\/wp-json\/wp\/v2\/posts\/22321","targetHints":{"allow":["GET"]}}],"collection":[{"href":"https:\/\/www.europesays.com\/se\/wp-json\/wp\/v2\/posts"}],"about":[{"href":"https:\/\/www.europesays.com\/se\/wp-json\/wp\/v2\/types\/post"}],"author":[{"embeddable":true,"href":"https:\/\/www.europesays.com\/se\/wp-json\/wp\/v2\/users\/2"}],"replies":[{"embeddable":true,"href":"https:\/\/www.europesays.com\/se\/wp-json\/wp\/v2\/comments?post=22321"}],"version-history":[{"count":0,"href":"https:\/\/www.europesays.com\/se\/wp-json\/wp\/v2\/posts\/22321\/revisions"}],"wp:featuredmedia":[{"embeddable":true,"href":"https:\/\/www.europesays.com\/se\/wp-json\/wp\/v2\/media\/22322"}],"wp:attachment":[{"href":"https:\/\/www.europesays.com\/se\/wp-json\/wp\/v2\/media?parent=22321"}],"wp:term":[{"taxonomy":"category","embeddable":true,"href":"https:\/\/www.europesays.com\/se\/wp-json\/wp\/v2\/categories?post=22321"},{"taxonomy":"post_tag","embeddable":true,"href":"https:\/\/www.europesays.com\/se\/wp-json\/wp\/v2\/tags?post=22321"}],"curies":[{"name":"wp","href":"https:\/\/api.w.org\/{rel}","templated":true}]}}