{"id":22432,"date":"2025-09-05T05:52:07","date_gmt":"2025-09-05T05:52:07","guid":{"rendered":"https:\/\/www.europesays.com\/se\/22432\/"},"modified":"2025-09-05T05:52:07","modified_gmt":"2025-09-05T05:52:07","slug":"finalklart-varldsettan-stalls-mot-hemmahoppet","status":"publish","type":"post","link":"https:\/\/www.europesays.com\/se\/22432\/","title":{"rendered":"Finalklart: V\u00e4rldsettan st\u00e4lls mot hemmahoppet"},"content":{"rendered":"<p>V\u00e4rldsettan Aryna Sabalenka \u00e4r klar f\u00f6r final i US Open efter att ha besegrat Jessica Pegula fr\u00e5n USA i semifinalen. Belarusiskan vann med 4\u20136, 6\u20133, 6\u20134.<\/p>\n<p>\u2013 Det var en v\u00e4ldigt tuff match. Hon spelade som vanligt fantastisk tennis och jag fick jobba riktigt h\u00e5rt f\u00f6r att vinna, s\u00e4ger Sabalenka efter matchen enligt TT.<\/p>\n<p>I finalen st\u00e4lls Sabalenka mot ett annat hemmahopp: Amanda Anisimova. Anisimova slog japanskan Naomi Osaka i en tuff semifinal som inte var slut f\u00f6rr\u00e4n klockan 01 lokal tid. Segersiffrorna skrevs till 6\u20137, 7\u20136, 6\u20133.<\/p>\n<p>Omni \u00e4r politiskt obundna och oberoende. Vi str\u00e4var efter att ge fler perspektiv p\u00e5 nyheterna. Har du fr\u00e5gor eller synpunkter kring v\u00e5r rapportering? <a href=\"https:\/\/omni.se\/varldsettan-stalls-mot-hemmahoppet-i-us-open-finalen\/a\/mailto:redaktion@omni.se\" class=\"ArticleActions_contactLink__W2F1M\" rel=\"nofollow noopener\" target=\"_blank\">Kontakta redaktionen<\/a><\/p>\n","protected":false},"excerpt":{"rendered":"V\u00e4rldsettan Aryna Sabalenka \u00e4r klar f\u00f6r final i US Open efter att ha besegrat Jessica Pegula fr\u00e5n USA&hellip;\n","protected":false},"author":2,"featured_media":22433,"comment_status":"","ping_status":"","sticky":false,"template":"","format":"standard","meta":{"footnotes":""},"categories":[68],"tags":[2716,2715,34,111,110,31,33,32,30,1670],"class_list":{"0":"post-22432","1":"post","2":"type-post","3":"status-publish","4":"format-standard","5":"has-post-thumbnail","7":"category-sport","8":"tag-aryna-sabalenka","9":"tag-naomi-osaka","10":"tag-se","11":"tag-sport","12":"tag-sports","13":"tag-svenska","14":"tag-sverige","15":"tag-sweden","16":"tag-swedish","17":"tag-tennis"},"share_on_mastodon":{"url":"","error":""},"_links":{"self":[{"href":"https:\/\/www.europesays.com\/se\/wp-json\/wp\/v2\/posts\/22432","targetHints":{"allow":["GET"]}}],"collection":[{"href":"https:\/\/www.europesays.com\/se\/wp-json\/wp\/v2\/posts"}],"about":[{"href":"https:\/\/www.europesays.com\/se\/wp-json\/wp\/v2\/types\/post"}],"author":[{"embeddable":true,"href":"https:\/\/www.europesays.com\/se\/wp-json\/wp\/v2\/users\/2"}],"replies":[{"embeddable":true,"href":"https:\/\/www.europesays.com\/se\/wp-json\/wp\/v2\/comments?post=22432"}],"version-history":[{"count":0,"href":"https:\/\/www.europesays.com\/se\/wp-json\/wp\/v2\/posts\/22432\/revisions"}],"wp:featuredmedia":[{"embeddable":true,"href":"https:\/\/www.europesays.com\/se\/wp-json\/wp\/v2\/media\/22433"}],"wp:attachment":[{"href":"https:\/\/www.europesays.com\/se\/wp-json\/wp\/v2\/media?parent=22432"}],"wp:term":[{"taxonomy":"category","embeddable":true,"href":"https:\/\/www.europesays.com\/se\/wp-json\/wp\/v2\/categories?post=22432"},{"taxonomy":"post_tag","embeddable":true,"href":"https:\/\/www.europesays.com\/se\/wp-json\/wp\/v2\/tags?post=22432"}],"curies":[{"name":"wp","href":"https:\/\/api.w.org\/{rel}","templated":true}]}}