{"id":22438,"date":"2025-09-05T06:00:09","date_gmt":"2025-09-05T06:00:09","guid":{"rendered":"https:\/\/www.europesays.com\/se\/22438\/"},"modified":"2025-09-05T06:00:09","modified_gmt":"2025-09-05T06:00:09","slug":"aryna-sabalenka-klar-for-final-i-us-open-tennis","status":"publish","type":"post","link":"https:\/\/www.europesays.com\/se\/22438\/","title":{"rendered":"Aryna Sabalenka klar f\u00f6r final i US Open | Tennis"},"content":{"rendered":"<p>Publicerad 5 sep 2025 kl 06.50<\/p>\n<p>Aryna Sabalenka \u00e4r klar f\u00f6r final i US Open. V\u00e4rldsettan slog amerikanska Jessica Pegula i finalreprisen fr\u00e5n i fjol med 2\u20131 i set (4\u20136, 6\u20133, 6\u20134).<\/p>\n<p><img   alt=\"\"\/> <\/p>\n<p>Foto: JOHN G. MABANGLO \/ EPA<\/p>\n<p>\u00d6ppna bild i helsk\u00e4rm<\/p>\n<p>Belarusiska Sabalenka hade en tuff inledning p\u00e5 matchen men ett starkt andra set gav henne momentum in i det tredje.<\/p>\n<p>\u2013 Det var en v\u00e4ldigt tuff match. Hon spelade som vanligt fantastisk tennis och jag fick jobba riktigt h\u00e5rt f\u00f6r att vinna, s\u00e4ger Sabalenka inne p\u00e5 Arthur Ashe stadium.<\/p>\n<p>Sabalenkas \u00e5r har varit ett av framg\u00e5ng, men utan att n\u00e5 den riktiga toppen. 27-\u00e5ringen har n\u00e5tt final tv\u00e5 av tre grand slam-turneringar men har \u00e4nnu inte vunnit. I Wimbledon blev det respass i semifinalen.<\/p>\n<p>Nu v\u00e4ntar en final d\u00e4r hon kan bli f\u00f6rsta kvinna att ta hem minst tv\u00e5 <a href=\"https:\/\/www.expressen.se\/tagg\/organization\/us-open\/\" class=\"\" rel=\"nofollow noopener\" target=\"_blank\">US Open<\/a> p\u00e5 raken sedan Serena Williams 2014.<\/p>\n<p>\u2013 Jag \u00e4r s\u00e5 glad att vara tillbaka i final och f\u00f6rhoppningsvis kan jag g\u00e5 hela v\u00e4gen igen, s\u00e4ger Sabalenka.<\/p>\n<p>D\u00e4r v\u00e4ntar antingen Naomi Osaka eller Amanda Anisimova.<\/p>\n","protected":false},"excerpt":{"rendered":"Publicerad 5 sep 2025 kl 06.50 Aryna Sabalenka \u00e4r klar f\u00f6r final i US Open. V\u00e4rldsettan slog amerikanska&hellip;\n","protected":false},"author":2,"featured_media":22439,"comment_status":"","ping_status":"","sticky":false,"template":"","format":"standard","meta":{"footnotes":""},"categories":[68],"tags":[1770,34,307,111,110,31,33,32,30],"class_list":{"0":"post-22438","1":"post","2":"type-post","3":"status-publish","4":"format-standard","5":"has-post-thumbnail","7":"category-sport","8":"tag-organization-us-open","9":"tag-se","10":"tag-sections-tennis","11":"tag-sport","12":"tag-sports","13":"tag-svenska","14":"tag-sverige","15":"tag-sweden","16":"tag-swedish"},"share_on_mastodon":{"url":"","error":""},"_links":{"self":[{"href":"https:\/\/www.europesays.com\/se\/wp-json\/wp\/v2\/posts\/22438","targetHints":{"allow":["GET"]}}],"collection":[{"href":"https:\/\/www.europesays.com\/se\/wp-json\/wp\/v2\/posts"}],"about":[{"href":"https:\/\/www.europesays.com\/se\/wp-json\/wp\/v2\/types\/post"}],"author":[{"embeddable":true,"href":"https:\/\/www.europesays.com\/se\/wp-json\/wp\/v2\/users\/2"}],"replies":[{"embeddable":true,"href":"https:\/\/www.europesays.com\/se\/wp-json\/wp\/v2\/comments?post=22438"}],"version-history":[{"count":0,"href":"https:\/\/www.europesays.com\/se\/wp-json\/wp\/v2\/posts\/22438\/revisions"}],"wp:featuredmedia":[{"embeddable":true,"href":"https:\/\/www.europesays.com\/se\/wp-json\/wp\/v2\/media\/22439"}],"wp:attachment":[{"href":"https:\/\/www.europesays.com\/se\/wp-json\/wp\/v2\/media?parent=22438"}],"wp:term":[{"taxonomy":"category","embeddable":true,"href":"https:\/\/www.europesays.com\/se\/wp-json\/wp\/v2\/categories?post=22438"},{"taxonomy":"post_tag","embeddable":true,"href":"https:\/\/www.europesays.com\/se\/wp-json\/wp\/v2\/tags?post=22438"}],"curies":[{"name":"wp","href":"https:\/\/api.w.org\/{rel}","templated":true}]}}