{"id":22475,"date":"2025-09-05T06:41:07","date_gmt":"2025-09-05T06:41:07","guid":{"rendered":"https:\/\/www.europesays.com\/se\/22475\/"},"modified":"2025-09-05T06:41:07","modified_gmt":"2025-09-05T06:41:07","slug":"vanessa-lindblad-slutar-som-manager-for-bianca-ingrosso","status":"publish","type":"post","link":"https:\/\/www.europesays.com\/se\/22475\/","title":{"rendered":"Vanessa Lindblad slutar som manager f\u00f6r Bianca Ingrosso"},"content":{"rendered":"<p>Publicerad 5 sep 2025 kl 08.29Uppdaterad kl 08.38<\/p>\n<p>Vanessa Lindblad l\u00e4mnar som manager f\u00f6r Bianca Ingrosso efter n\u00e4ra tio \u00e5r.<\/p>\n<p>Entrepren\u00f6rens h\u00f6gra hand tar nu en annan v\u00e4g i karri\u00e4ren.<\/p>\n<p>\u201dVi har varit en helt otrolig duo\u201d, skriver Lindblad p\u00e5 Instagram story.<\/p>\n<p><img   alt=\"\"\/><\/p>\n<p>Bianca Ingrosso och Vanessa Lindblad.<\/p>\n<p>Foto: OLLE SPORRONG<\/p>\n<p>\u00d6ppna bild i helsk\u00e4rm<img loading=\"lazy\"   alt=\"\"\/><\/p>\n<p>Bianca Ingrosso och Vanessa Lindblad.<\/p>\n<p>Foto: KARIN T\u00d6RNBLOM \/ IBL<\/p>\n<p>\u00d6ppna bild i helsk\u00e4rm<img loading=\"lazy\"   alt=\"\"\/><\/p>\n<p>Bianca Ingrosso.<\/p>\n<p>Foto: Henrik Montgomery\/TT \/ TT NEWS AGENCY \/ TT NYHETSBYR\u00c5N<\/p>\n<p>\u00d6ppna bild i helsk\u00e4rm<\/p>\n<p><a href=\"https:\/\/www.expressen.se\/tagg\/person\/bianca-ingrosso\/\" class=\"\" rel=\"nofollow noopener\" target=\"_blank\">Bianca Ingrosso<\/a>, 30, och Vanessa Lindblad, 40, har jobbat tajt ihop sedan 2016.<\/p>\n<p>Lindblad \u00e4r del\u00e4gare i Ingrossos sminkm\u00e4rke Caia cosmetics och de har \u00e4ven drivit kl\u00e4dm\u00e4rket Avora ihop.<\/p>\n<p>La ner kl\u00e4dm\u00e4rket Avora efter miljonf\u00f6rlust<\/p>\n<p>Tidigare i somras meddelade duon dock att de l\u00e4gger ner kl\u00e4dm\u00e4rket efter tv\u00e5 \u00e5r. Detta efter att f\u00f6retaget i fjol gjorde en f\u00f6rlust p\u00e5 tio miljoner kronor.<\/p>\n<p>Nu ber\u00e4ttar \u00e4ven Lindblad i en fr\u00e5gestund p\u00e5 Instagram att hon l\u00e4mnade som manager f\u00f6r Bianca Ingrosso i fjol.<\/p>\n<p>\u201dHar gjort stora f\u00f6r\u00e4ndringar\u201d<\/p>\n<p>Anledningen \u00e4r att hon vill inrikta sig p\u00e5 annat.<\/p>\n<p>\u201dJag och Bianca har gjort v\u00e5r karri\u00e4r tillsammans, vuxit tillsammans och vi var med och satte standarden i v\u00e5r bransch. Vi har varit en helt otrolig duo men det var dags f\u00f6r mig att g\u00e5 vidare och g\u00f6ra utrymme f\u00f6r annat. Jag har gjort stora f\u00f6r\u00e4ndringar i mitt liv de senaste tv\u00e5 \u00e5ren och detta var en av dem\u201d, skriver hon under en fr\u00e5gestund p\u00e5 Instagram.\u00a0<\/p>\n<p>Lindblad och Ingrosso \u00e4r dock fortfarande v\u00e4nner och den tidigare managern betonar att hon kommer finnas d\u00e4r om Ingrosso beh\u00f6ver.<\/p>\n<p>\u201dJag kommer fortsatt att st\u00f6tta henne, finnas d\u00e4r f\u00f6r henne, och beh\u00f6ver hon r\u00e5d, hj\u00e4lp eller st\u00f6d s\u00e5 kommer jag finnas ett samtal bort\u201d<\/p>\n<p>Expressen har s\u00f6kt Lindblad och Ingrosso f\u00f6r en kommentar.<\/p>\n","protected":false},"excerpt":{"rendered":"Publicerad 5 sep 2025 kl 08.29Uppdaterad kl 08.38 Vanessa Lindblad l\u00e4mnar som manager f\u00f6r Bianca Ingrosso efter n\u00e4ra&hellip;\n","protected":false},"author":2,"featured_media":22476,"comment_status":"","ping_status":"","sticky":false,"template":"","format":"standard","meta":{"footnotes":""},"categories":[67],"tags":[104,580,34,31,33,32,30,428,105],"class_list":{"0":"post-22475","1":"post","2":"type-post","3":"status-publish","4":"format-standard","5":"has-post-thumbnail","7":"category-underhallning","8":"tag-entertainment","9":"tag-person-bianca-ingrosso","10":"tag-se","11":"tag-svenska","12":"tag-sverige","13":"tag-sweden","14":"tag-swedish","15":"tag-topic-influencers","16":"tag-underhallning"},"share_on_mastodon":{"url":"","error":""},"_links":{"self":[{"href":"https:\/\/www.europesays.com\/se\/wp-json\/wp\/v2\/posts\/22475","targetHints":{"allow":["GET"]}}],"collection":[{"href":"https:\/\/www.europesays.com\/se\/wp-json\/wp\/v2\/posts"}],"about":[{"href":"https:\/\/www.europesays.com\/se\/wp-json\/wp\/v2\/types\/post"}],"author":[{"embeddable":true,"href":"https:\/\/www.europesays.com\/se\/wp-json\/wp\/v2\/users\/2"}],"replies":[{"embeddable":true,"href":"https:\/\/www.europesays.com\/se\/wp-json\/wp\/v2\/comments?post=22475"}],"version-history":[{"count":0,"href":"https:\/\/www.europesays.com\/se\/wp-json\/wp\/v2\/posts\/22475\/revisions"}],"wp:featuredmedia":[{"embeddable":true,"href":"https:\/\/www.europesays.com\/se\/wp-json\/wp\/v2\/media\/22476"}],"wp:attachment":[{"href":"https:\/\/www.europesays.com\/se\/wp-json\/wp\/v2\/media?parent=22475"}],"wp:term":[{"taxonomy":"category","embeddable":true,"href":"https:\/\/www.europesays.com\/se\/wp-json\/wp\/v2\/categories?post=22475"},{"taxonomy":"post_tag","embeddable":true,"href":"https:\/\/www.europesays.com\/se\/wp-json\/wp\/v2\/tags?post=22475"}],"curies":[{"name":"wp","href":"https:\/\/api.w.org\/{rel}","templated":true}]}}