{"id":22514,"date":"2025-09-05T07:18:24","date_gmt":"2025-09-05T07:18:24","guid":{"rendered":"https:\/\/www.europesays.com\/se\/22514\/"},"modified":"2025-09-05T07:18:24","modified_gmt":"2025-09-05T07:18:24","slug":"jerebko-arg-over-em-nobben-det-suger-riktigt-hart","status":"publish","type":"post","link":"https:\/\/www.europesays.com\/se\/22514\/","title":{"rendered":"Jerebko arg \u00f6ver EM-nobben: \u201dDet suger riktigt h\u00e5rt\u201d"},"content":{"rendered":"<p>Den tidigare NBA-stj\u00e4rnan Jonas Jerebko tycker att han borde vara med i det svenska landslag som just nu spelar basket-EM. I en intervju med Expressen s\u00e4ger han att landslagsledningen agerat \u201drespektl\u00f6st\u201d.<\/p>\n<p>\u2013 Det suger verkligen att inte vara med p\u00e5 EM. Det suger riktigt h\u00e5rt. Jag vet att jag inte kommer f\u00e5 en chans till.<\/p>\n<p>Jerebko st\u00e4ngdes av fr\u00e5n landslagsspel efter att ha skrivit kontrakt med CSKA Moskva strax efter Rysslands invasion av Ukraina 2022. Avst\u00e4ngningen h\u00e4vdes i v\u00e5ras, men landslaget valde \u00e4nd\u00e5 att inte ta med honom i EM-truppen.<\/p>\n<p>\u2013 Det finns ingen som ens har varit i n\u00e4rheten och gjort vad jag har gjort inom basket i Sverige, s\u00e4ger han.<\/p>\n<p>Omni \u00e4r politiskt obundna och oberoende. Vi str\u00e4var efter att ge fler perspektiv p\u00e5 nyheterna. Har du fr\u00e5gor eller synpunkter kring v\u00e5r rapportering? <a href=\"https:\/\/omni.se\/jerebko-arg-over-em-nobben-det-suger-riktigt-hart\/a\/mailto:redaktion@omni.se\" class=\"ArticleActions_contactLink__W2F1M\" rel=\"nofollow noopener\" target=\"_blank\">Kontakta redaktionen<\/a><\/p>\n","protected":false},"excerpt":{"rendered":"Den tidigare NBA-stj\u00e4rnan Jonas Jerebko tycker att han borde vara med i det svenska landslag som just nu&hellip;\n","protected":false},"author":2,"featured_media":22515,"comment_status":"","ping_status":"","sticky":false,"template":"","format":"standard","meta":{"footnotes":""},"categories":[5],"tags":[2256,22,23,26,27,17,2725,21,2724,24,25,28,29,15,16,18,34,31,33,32,30,19,20],"class_list":{"0":"post-22514","1":"post","2":"type-post","3":"status-publish","4":"format-standard","5":"has-post-thumbnail","7":"category-rubriker","8":"tag-basket","9":"tag-breaking-news","10":"tag-breakingnews","11":"tag-featured-news","12":"tag-featurednews","13":"tag-headlines","14":"tag-herrlandslaget-i-basket","15":"tag-huvudnyheter","16":"tag-jonas-jerebko","17":"tag-latest-news","18":"tag-latestnews","19":"tag-main-news","20":"tag-mainnews","21":"tag-news","22":"tag-nyheter","23":"tag-rubriker","24":"tag-se","25":"tag-svenska","26":"tag-sverige","27":"tag-sweden","28":"tag-swedish","29":"tag-top-stories","30":"tag-topstories"},"share_on_mastodon":{"url":"","error":""},"_links":{"self":[{"href":"https:\/\/www.europesays.com\/se\/wp-json\/wp\/v2\/posts\/22514","targetHints":{"allow":["GET"]}}],"collection":[{"href":"https:\/\/www.europesays.com\/se\/wp-json\/wp\/v2\/posts"}],"about":[{"href":"https:\/\/www.europesays.com\/se\/wp-json\/wp\/v2\/types\/post"}],"author":[{"embeddable":true,"href":"https:\/\/www.europesays.com\/se\/wp-json\/wp\/v2\/users\/2"}],"replies":[{"embeddable":true,"href":"https:\/\/www.europesays.com\/se\/wp-json\/wp\/v2\/comments?post=22514"}],"version-history":[{"count":0,"href":"https:\/\/www.europesays.com\/se\/wp-json\/wp\/v2\/posts\/22514\/revisions"}],"wp:featuredmedia":[{"embeddable":true,"href":"https:\/\/www.europesays.com\/se\/wp-json\/wp\/v2\/media\/22515"}],"wp:attachment":[{"href":"https:\/\/www.europesays.com\/se\/wp-json\/wp\/v2\/media?parent=22514"}],"wp:term":[{"taxonomy":"category","embeddable":true,"href":"https:\/\/www.europesays.com\/se\/wp-json\/wp\/v2\/categories?post=22514"},{"taxonomy":"post_tag","embeddable":true,"href":"https:\/\/www.europesays.com\/se\/wp-json\/wp\/v2\/tags?post=22514"}],"curies":[{"name":"wp","href":"https:\/\/api.w.org\/{rel}","templated":true}]}}