{"id":22610,"date":"2025-09-05T09:47:11","date_gmt":"2025-09-05T09:47:11","guid":{"rendered":"https:\/\/www.europesays.com\/se\/22610\/"},"modified":"2025-09-05T09:47:11","modified_gmt":"2025-09-05T09:47:11","slug":"leksands-nye-stjarna-klev-av-i-genrepet-rejal-propp","status":"publish","type":"post","link":"https:\/\/www.europesays.com\/se\/22610\/","title":{"rendered":"Leksands nye stj\u00e4rna klev av i genrepet: &#8221;Rej\u00e4l propp&#8221;"},"content":{"rendered":"<p><strong><a href=\"https:\/\/hockeysverige.se\/spelare\/michael-lindqvist\" rel=\"nofollow noopener\" target=\"_blank\">Michael Lindqvist<\/a> tvingades av i <a href=\"https:\/\/hockeysverige.se\/klubb\/leksands-if\/\" rel=\"nofollow noopener\" target=\"_blank\">Leksands<\/a> sista tr\u00e4ningsmatch inf\u00f6r <a href=\"https:\/\/hockeysverige.se\/shl\/\" rel=\"nofollow noopener\" target=\"_blank\">SHL<\/a>-s\u00e4songen. <br \/>\u00c4nd\u00e5 var <a href=\"https:\/\/hockeysverige.se\/klubb\/timra-ik\/\" rel=\"nofollow noopener\" target=\"_blank\">Timr\u00e5s<\/a> Tommy Samuelsson inte n\u00f6jd med matchstraffet p\u00e5 Marcus Hardeg\u00e5rd. <br \/>\u2013\u00a0Jag tycker inte att det \u00e4r matchstraff, men s\u00e5 \u00e4r det, s\u00e4ger han till <a href=\"https:\/\/www.st.nu\/2025-09-04\/jag-tycker-inte-det-ar-matchstraff\/\" rel=\"nofollow noopener\" target=\"_blank\">Sundsvall Tidning<\/a> efter 3\u20134-matchen.<\/strong><\/p>\n<p><img loading=\"lazy\" decoding=\"async\" width=\"1024\" height=\"658\" src=\"https:\/\/www.europesays.com\/se\/wp-content\/uploads\/2025\/09\/Samuelsson-Lindqvist-1024x658.webp.webp\" alt=\"\" class=\"wp-image-301561\"  \/>Tommy Samuelsson (Timr\u00e5) och Michael Lindqvist. <strong>Foto:<\/strong> Bildbyr\u00e5n (montage).<\/p>\n<p>Oron kring Michael Lindqvist stiger i Leksand inf\u00f6r SHL-premi\u00e4ren i n\u00e4sta vecka. <\/p>\n<p>Det var sent i den andra perioden av torsdagens tr\u00e4ningsmatch mot Timr\u00e5 som olyckan var framme f\u00f6r nyf\u00f6rv\u00e4rvet fr\u00e5n F\u00e4rjestad. Matt Caito hade skickat iv\u00e4g pucken mot offensiv bl\u00e5, men fick snabbt \u00e5ngra sig d\u00e5 motst\u00e5ndets Marcus Hardeg\u00e5rd dundrade in i Michael Lindqvist. \u201dLinkan\u201d tog sig till slut av isen p\u00e5 egen hand, men kunde sedan inte \u00e5terv\u00e4nda till spel. <\/p>\n<p>Utan 30-\u00e5ringen, som visat sig som en nyttig nyf\u00f6rv\u00e4rv under f\u00f6rs\u00e4songen, avgjorde Leksand till 4\u20133 i f\u00f6rl\u00e4ngning. <\/p>\n<p>Efter matchen menade SHL-lagets fysioterapeut, Emilia Backman, att man inte hade n\u00e5gra kommentarer om sin erfarne forward. Detta rapporterar <a href=\"https:\/\/www.falukuriren.se\/2025-09-05\/stjarnan-utgick-nar-lif-vann-det-var-en-rejal-propp\/\" rel=\"nofollow noopener\" target=\"_blank\">Falu-Kuriren<\/a>, som \u00e4ven f\u00e5r h\u00f6ra f\u00f6ljande av huvudtr\u00e4naren Johan Hedberg. <\/p>\n<p>\u2013 Det var en rej\u00e4l propp han fick och han kom inte tillbaka, det \u00e4r vad jag kan s\u00e4ga. Det \u00e4r Emilia som \u00e4ger de fr\u00e5gorna, s\u00e4ger Hedberg efter segern. <\/p>\n<p>Samuelsson: \u201dTycker inte det \u00e4r matchstraff\u201d<\/p>\n<p>Tommy Samuelsson, ny tr\u00e4nare i det andra b\u00e5set, kommenterar \u00e4ven h\u00e4ndelsen i Sundsvall Tidning. Fr\u00e5n hans sida handlar det d\u00e4remot om en tackling som st\u00e4llde till det n\u00e4r Linus N\u00e4ss\u00e9n, Emil Pettersson och Anton Wedin samtliga saknades redan inf\u00f6r nedsl\u00e4pp. <\/p>\n<p>\u2013 Jag tycker inte att det \u00e4r matchstraff (p\u00e5 Hardeg\u00e5rd), men s\u00e5 \u00e4r det. Domarna d\u00f6mer och det f\u00e5r man acceptera, s\u00e4ger Samuelsson till tidningen. <\/p>\n<p>Michael Lindqvist stod f\u00f6r 22 po\u00e4ng (8+14) f\u00f6r F\u00e4rjestad under grundserien 2024\/25. Ankomsten till Leksand sker efter \u00e5tta s\u00e4songer i Karlstad. <\/p>\n<p> Source: <a href=\"https:\/\/www.eliteprospects.com\/player\/37048\/michael-lindqvist\" target=\"_blank\" rel=\"noopener noreferrer nofollow\">Michael Lindqvist<\/a> @ Elite Prospects<\/p>\n","protected":false},"excerpt":{"rendered":"Michael Lindqvist tvingades av i Leksands sista tr\u00e4ningsmatch inf\u00f6r SHL-s\u00e4songen. \u00c4nd\u00e5 var Timr\u00e5s Tommy Samuelsson inte n\u00f6jd med&hellip;\n","protected":false},"author":2,"featured_media":22611,"comment_status":"","ping_status":"","sticky":false,"template":"","format":"standard","meta":{"footnotes":""},"categories":[68],"tags":[34,133,111,110,31,33,32,30],"class_list":{"0":"post-22610","1":"post","2":"type-post","3":"status-publish","4":"format-standard","5":"has-post-thumbnail","7":"category-sport","8":"tag-se","9":"tag-second-news","10":"tag-sport","11":"tag-sports","12":"tag-svenska","13":"tag-sverige","14":"tag-sweden","15":"tag-swedish"},"share_on_mastodon":{"url":"","error":""},"_links":{"self":[{"href":"https:\/\/www.europesays.com\/se\/wp-json\/wp\/v2\/posts\/22610","targetHints":{"allow":["GET"]}}],"collection":[{"href":"https:\/\/www.europesays.com\/se\/wp-json\/wp\/v2\/posts"}],"about":[{"href":"https:\/\/www.europesays.com\/se\/wp-json\/wp\/v2\/types\/post"}],"author":[{"embeddable":true,"href":"https:\/\/www.europesays.com\/se\/wp-json\/wp\/v2\/users\/2"}],"replies":[{"embeddable":true,"href":"https:\/\/www.europesays.com\/se\/wp-json\/wp\/v2\/comments?post=22610"}],"version-history":[{"count":0,"href":"https:\/\/www.europesays.com\/se\/wp-json\/wp\/v2\/posts\/22610\/revisions"}],"wp:featuredmedia":[{"embeddable":true,"href":"https:\/\/www.europesays.com\/se\/wp-json\/wp\/v2\/media\/22611"}],"wp:attachment":[{"href":"https:\/\/www.europesays.com\/se\/wp-json\/wp\/v2\/media?parent=22610"}],"wp:term":[{"taxonomy":"category","embeddable":true,"href":"https:\/\/www.europesays.com\/se\/wp-json\/wp\/v2\/categories?post=22610"},{"taxonomy":"post_tag","embeddable":true,"href":"https:\/\/www.europesays.com\/se\/wp-json\/wp\/v2\/tags?post=22610"}],"curies":[{"name":"wp","href":"https:\/\/api.w.org\/{rel}","templated":true}]}}