{"id":227311,"date":"2026-04-24T13:00:15","date_gmt":"2026-04-24T13:00:15","guid":{"rendered":"https:\/\/www.europesays.com\/se\/227311\/"},"modified":"2026-04-24T13:00:15","modified_gmt":"2026-04-24T13:00:15","slug":"kritiken-sa-styr-tv4-inspelningen-av-forradarna","status":"publish","type":"post","link":"https:\/\/www.europesays.com\/se\/227311\/","title":{"rendered":"Kritiken \u2013 s\u00e5 styr TV4 inspelningen av \u201dF\u00f6rr\u00e4darna\u201d"},"content":{"rendered":"<p>Uppdaterad 24 apr 2026 kl 13.23Publicerad 24 apr 2026 kl 06.00<\/p>\n<p>Mona Sahlin och Bibi R\u00f6d\u00f6\u00f6 riktar kritik mot TV4 efter sin medverkan i \u201dF\u00f6rr\u00e4darna\u201d.\u00a0<\/p>\n<p>I Expressens podd \u201dBehind the scenes\u201d avsl\u00f6jar de hur produktionen avbr\u00f6t avg\u00f6rande samtal f\u00f6r att f\u00e5nga reaktioner.\u00a0<\/p>\n<p>\u2013 Det k\u00e4ndes ofta som: \u201dNej, nu sabbar ni f\u00f6r mig\u201d, s\u00e4ger Sahlin.\u00a0<\/p>\n<p><a href=\"https:\/\/6rybs.app.link\/\" rel=\"nofollow noopener\" target=\"_blank\">Expressens nyhetsapp ger dig alla nyheter \u2013 ladda ned den h\u00e4r<\/a><\/p>\n<p>Behind the scenes: Kritiken mot produktionen<img loading=\"lazy\"   alt=\"\"\/><\/p>\n<p>Bibbi R\u00f6d\u00f6\u00f6 menar att TV4 f\u00f6rst\u00f6rde f\u00f6r henne med sina synkar.<\/p>\n<p>Foto: TV4<\/p>\n<p>\u00d6ppna bild i helsk\u00e4rm<img loading=\"lazy\"   alt=\"\"\/> <\/p>\n<p>Foto: TV4<\/p>\n<p>\u00d6ppna bild i helsk\u00e4rm<img loading=\"lazy\"   alt=\"\"\/>\u00d6ppna bild i helsk\u00e4rm<img loading=\"lazy\"   alt=\"\"\/><\/p>\n<p>Mona Sahlin.<\/p>\n<p>Foto: TV4<\/p>\n<p>\u00d6ppna bild i helsk\u00e4rm<\/p>\n<p>Ex-politikern Mona Sahlin, 69, och SR-chefen Bibi R\u00f6d\u00f6\u00f6, 65, \u00e4r tv\u00e5 av deltagarna i \u00e5rets \u201d<a href=\"https:\/\/www.expressen.se\/tagg\/organization\/forradarna\/\" class=\"\" rel=\"nofollow noopener\" target=\"_blank\">F\u00f6rr\u00e4darna<\/a>\u201d.\u00a0<\/p>\n<p>N\u00e4r de g\u00e4star Expressens podd \u201dBehind the scenes\u201d avsl\u00f6jar de flera detaljer om inspelningen och riktar viss kritik mot TV4.\u00a0<\/p>\n<p>\u2013 Synkarna var v\u00e4ldigt irriterande ofta. Man kunde st\u00e5 i ett samtal som man sj\u00e4lv tyckte att nu blir det sp\u00e4nnande. Och d\u00e5 kom ofta produktionen och sa: \u201dSynk Mona\u201d, s\u00e4ger Mona Sahlin.\u00a0<\/p>\n<p>Hon s\u00e4ger att hon f\u00f6rst\u00e5r varf\u00f6r de avbryter just d\u00e4r f\u00f6r att de vill ha hennes reaktion men:\u00a0<\/p>\n<p>\u2013 Det k\u00e4ndes ofta som: \u201dNej, nu sabbar ni f\u00f6r mig. Varf\u00f6r f\u00e5r jag inte forts\u00e4tta och vad ber\u00e4ttar de nu? N\u00e4r jag inte \u00e4r d\u00e4r?\u201d.\u00a0<\/p>\n<p>Bibi R\u00f6d\u00f6\u00f6 s\u00e4ger att hon upplever att det var precis det som h\u00e4nde henne.\u00a0<\/p>\n<p>I torsdagens avsnitt tvingades hon l\u00e4mna \u201dF\u00f6rr\u00e4darna\u201d.\u00a0<\/p>\n<p>\u2013 Jag f\u00f6rst\u00e5r ocks\u00e5 att det h\u00e4r \u00e4r roligt, det h\u00e4r \u00e4r en lek.\u00a0<\/p>\n<p>\u201dEn sk\u00e5llad r\u00e5tta p\u00e5 ett osympatiskt s\u00e4tt\u201d<\/p>\n<p>Hon vet att programmet m\u00e5ste klippas ner fr\u00e5n ett stort material och att en story m\u00e5ste byggas.\u00a0<\/p>\n<p>\u2013 Jag kan ju det h\u00e4r sj\u00e4lv. Men n\u00e4r man drabbas av det s\u00e5 sl\u00e5s man av att f\u00f6r mig s\u00e5 gjorde det stor skillnad.\u00a0<\/p>\n<p>Bibi R\u00f6d\u00f6\u00f6 menar att det fanns en anledning till att hon fick komma in sist p\u00e5 frukosten.\u00a0<\/p>\n<p>\u2013 Det var d\u00e5 mitt namn var lite i schvung och d\u00e5 till\u00e4ts ju alla prata om mig v\u00e4ldigt mycket. S\u00e5 n\u00e4r jag kom in s\u00e5 k\u00e4ndes det som att jag kom in p\u00e5 en skolg\u00e5rd d\u00e4r folk tystnade v\u00e4ldigt pl\u00f6tsligt i ett rum och jag t\u00e4nkte att: \u201dH\u00e4r har de snackat skit om mig\u201d.\u00a0<\/p>\n<p>Efter frukosten var det dags f\u00f6r alla att f\u00e5 prata med varandra under en kort period.\u00a0<\/p>\n<p>\u2013 D\u00e4rf\u00f6r far man runt som en sk\u00e5llad r\u00e5tta p\u00e5 ett osympatiskt s\u00e4tt, jag f\u00f6rs\u00f6kte vara lite cool men det var sv\u00e5rt n\u00e4r jag b\u00f6rjade k\u00e4nna att \u201doj nu kommer jag \u00e5ka ut i kv\u00e4ll\u201d. D\u00e5 hann jag prata med vissa och de r\u00f6stade sen inte p\u00e5 mig, s\u00e4ger R\u00f6d\u00f6\u00f6 och forts\u00e4tter:\u00a0<\/p>\n<p>\u2013\u00a0Sen skulle jag precis prata med n\u00e5gra andra och d\u00e5 kommer dem och s\u00e4ger \u201dBibbi, synk\u201d. Och d\u00e5 sa jag: \u201dNej!\u201d De som jag inte hann prata med, det var de som r\u00f6stade ut mig.\u00a0<\/p>\n<p>TV4 skriver i ett mejl till Expressen att det finns ett schema n\u00e4r synkar ska g\u00f6ras.\u00a0<\/p>\n<p>\u201dIbland kan de k\u00e4nnas st\u00f6rande men det \u00e4r lika f\u00f6r alla deltagare att man beh\u00f6ver g\u00f6ra de under produktionen\u201d, skriver Sara Johansson, exekutiv producent.\u00a0<\/p>\n<p><img loading=\"lazy\"   alt=\"\"\/><\/p>\n<p>Bibi R\u00f6d\u00f6\u00f6 tvingades l\u00e4mna.<\/p>\n<p>Foto: TV4<\/p>\n<p>\u00d6ppna bild i helsk\u00e4rm<\/p>\n<p>Lyssna p\u00e5 hela avsnittet i spelaren nedan \u2013 <a href=\"https:\/\/6rybs.app.link\/TZfZmkcqo1\" rel=\"nofollow noopener\" target=\"_blank\">eller ladda hem Expressens app f\u00f6r b\u00e4ttre upplevelse<\/a><\/p>\n<p><a href=\"https:\/\/open.spotify.com\/show\/3gmBZ1LtX3iLxUxZuGEkNA\" rel=\"nofollow noopener\" target=\"_blank\">\u2022 Lyssna direkt p\u00e5 Spotify h\u00e4r<\/a><\/p>\n<p>\u2022 <a href=\"https:\/\/podcasts.apple.com\/se\/podcast\/behind-the-scenes\/id1716910362\" rel=\"nofollow noopener\" target=\"_blank\">Lyssna direkt p\u00e5 Podcaster h\u00e4r<\/a><\/p>\n<p><img alt=\"\" loading=\"lazy\"\/>Ljudklippet gick inte att spela upp<\/p>\n<p>F\u00f6rs\u00f6k igen senare<\/p>\n","protected":false},"excerpt":{"rendered":"Uppdaterad 24 apr 2026 kl 13.23Publicerad 24 apr 2026 kl 06.00 Mona Sahlin och Bibi R\u00f6d\u00f6\u00f6 riktar kritik&hellip;\n","protected":false},"author":2,"featured_media":227312,"comment_status":"","ping_status":"","sticky":false,"template":"","format":"standard","meta":{"footnotes":"","_share_on_mastodon":"0"},"categories":[67],"tags":[104,35,17646,4034,384,14249,34,17892,31,33,32,30,105],"class_list":["post-227311","post","type-post","status-publish","format-standard","has-post-thumbnail","category-underhallning","tag-entertainment","tag-function-ta-bort-ai-rost","tag-organization-bts-vodd","tag-organization-forradarna","tag-organization-tv4","tag-person-mona-sahlin","tag-se","tag-sections-behind-the-scenes","tag-svenska","tag-sverige","tag-sweden","tag-swedish","tag-underhallning"],"share_on_mastodon":{"url":"https:\/\/pubeurope.com\/@se\/116459813466708196","error":""},"_links":{"self":[{"href":"https:\/\/www.europesays.com\/se\/wp-json\/wp\/v2\/posts\/227311","targetHints":{"allow":["GET"]}}],"collection":[{"href":"https:\/\/www.europesays.com\/se\/wp-json\/wp\/v2\/posts"}],"about":[{"href":"https:\/\/www.europesays.com\/se\/wp-json\/wp\/v2\/types\/post"}],"author":[{"embeddable":true,"href":"https:\/\/www.europesays.com\/se\/wp-json\/wp\/v2\/users\/2"}],"replies":[{"embeddable":true,"href":"https:\/\/www.europesays.com\/se\/wp-json\/wp\/v2\/comments?post=227311"}],"version-history":[{"count":0,"href":"https:\/\/www.europesays.com\/se\/wp-json\/wp\/v2\/posts\/227311\/revisions"}],"wp:featuredmedia":[{"embeddable":true,"href":"https:\/\/www.europesays.com\/se\/wp-json\/wp\/v2\/media\/227312"}],"wp:attachment":[{"href":"https:\/\/www.europesays.com\/se\/wp-json\/wp\/v2\/media?parent=227311"}],"wp:term":[{"taxonomy":"category","embeddable":true,"href":"https:\/\/www.europesays.com\/se\/wp-json\/wp\/v2\/categories?post=227311"},{"taxonomy":"post_tag","embeddable":true,"href":"https:\/\/www.europesays.com\/se\/wp-json\/wp\/v2\/tags?post=227311"}],"curies":[{"name":"wp","href":"https:\/\/api.w.org\/{rel}","templated":true}]}}