{"id":227591,"date":"2026-04-24T17:06:40","date_gmt":"2026-04-24T17:06:40","guid":{"rendered":"https:\/\/www.europesays.com\/se\/227591\/"},"modified":"2026-04-24T17:06:40","modified_gmt":"2026-04-24T17:06:40","slug":"bensinen-och-dieseln-har-blivit-dyrare","status":"publish","type":"post","link":"https:\/\/www.europesays.com\/se\/227591\/","title":{"rendered":"Bensinen och dieseln har blivit dyrare"},"content":{"rendered":"<p>Uppdaterad 24 apr 2026 kl 15.22Publicerad 24 apr 2026 kl 13.27<\/p>\n<p>Efter s\u00e4nkningen i b\u00f6rjan av veckan har drivmedelskedjorna h\u00f6jt varje dag.<\/p>\n<p>P\u00e5 fredagen var det dags igen i takt med att oljepriset p\u00e5 v\u00e4rldsmarknaden tickar upp\u00e5t.<\/p>\n<p>Senaste nyhetsklippen fr\u00e5n Expressen.<img   alt=\"\"\/><\/p>\n<p>Drivmedelspriserna stiger i takt med att oljepriset tickar upp\u00e5t.<\/p>\n<p>Foto: Cornelia J\u00f6nsson\/DI \/ TT NYHETSBYR\u00c5N<\/p>\n<p>\u00d6ppna bild i helsk\u00e4rm<\/p>\n<p>Prish\u00f6jningen p\u00e5 fredagen \u00e4r 30 \u00f6re p\u00e5 dieseln och 25 p\u00e5 bensinen, enligt kedjornas prisuppgifter f\u00f6r f\u00f6retag, som indikerar \u00e4ndringen \u00e4ven gentemot privattankande bilister.<\/p>\n<p>Slutresultatet under veckan, sedan m\u00e5ndagsmorgonen, \u00e4r ungef\u00e4r plus minus noll p\u00e5 dieseln medan bensinen blivit cirka 50 \u00f6re dyrare.<\/p>\n<p>Dieseln kostar nu f\u00f6r privatbilister strax under 22 kronor litern, medan bensinen ligger n\u00e5got under 19 kronor.<\/p>\n<p>F\u00f6re krigsutbrottet 28 februari kostade de b\u00e5da drivmedelsslagen kring 17 respektive 15 kronor litern.<\/p>\n","protected":false},"excerpt":{"rendered":"Uppdaterad 24 apr 2026 kl 15.22Publicerad 24 apr 2026 kl 13.27 Efter s\u00e4nkningen i b\u00f6rjan av veckan har&hellip;\n","protected":false},"author":2,"featured_media":227592,"comment_status":"","ping_status":"","sticky":false,"template":"","format":"standard","meta":{"footnotes":"","_share_on_mastodon":"0"},"categories":[5],"tags":[22,23,26,27,17,21,24,25,28,29,15,16,18,34,607,31,33,32,30,19,11677,16988,20],"class_list":["post-227591","post","type-post","status-publish","format-standard","has-post-thumbnail","category-rubriker","tag-breaking-news","tag-breakingnews","tag-featured-news","tag-featurednews","tag-headlines","tag-huvudnyheter","tag-latest-news","tag-latestnews","tag-main-news","tag-mainnews","tag-news","tag-nyheter","tag-rubriker","tag-se","tag-sections-konsument","tag-svenska","tag-sverige","tag-sweden","tag-swedish","tag-top-stories","tag-topic-bensinpris","tag-topic-dieselpris","tag-topstories"],"share_on_mastodon":{"url":"https:\/\/pubeurope.com\/@se\/116460780663487017","error":""},"_links":{"self":[{"href":"https:\/\/www.europesays.com\/se\/wp-json\/wp\/v2\/posts\/227591","targetHints":{"allow":["GET"]}}],"collection":[{"href":"https:\/\/www.europesays.com\/se\/wp-json\/wp\/v2\/posts"}],"about":[{"href":"https:\/\/www.europesays.com\/se\/wp-json\/wp\/v2\/types\/post"}],"author":[{"embeddable":true,"href":"https:\/\/www.europesays.com\/se\/wp-json\/wp\/v2\/users\/2"}],"replies":[{"embeddable":true,"href":"https:\/\/www.europesays.com\/se\/wp-json\/wp\/v2\/comments?post=227591"}],"version-history":[{"count":0,"href":"https:\/\/www.europesays.com\/se\/wp-json\/wp\/v2\/posts\/227591\/revisions"}],"wp:featuredmedia":[{"embeddable":true,"href":"https:\/\/www.europesays.com\/se\/wp-json\/wp\/v2\/media\/227592"}],"wp:attachment":[{"href":"https:\/\/www.europesays.com\/se\/wp-json\/wp\/v2\/media?parent=227591"}],"wp:term":[{"taxonomy":"category","embeddable":true,"href":"https:\/\/www.europesays.com\/se\/wp-json\/wp\/v2\/categories?post=227591"},{"taxonomy":"post_tag","embeddable":true,"href":"https:\/\/www.europesays.com\/se\/wp-json\/wp\/v2\/tags?post=227591"}],"curies":[{"name":"wp","href":"https:\/\/api.w.org\/{rel}","templated":true}]}}