{"id":22760,"date":"2025-09-05T12:20:11","date_gmt":"2025-09-05T12:20:11","guid":{"rendered":"https:\/\/www.europesays.com\/se\/22760\/"},"modified":"2025-09-05T12:20:11","modified_gmt":"2025-09-05T12:20:11","slug":"svensk-nato-insats-i-polen-ar-avslutad","status":"publish","type":"post","link":"https:\/\/www.europesays.com\/se\/22760\/","title":{"rendered":"Svensk Nato-insats i Polen \u00e4r avslutad"},"content":{"rendered":"<p>Logistiknoden \u00e4r en viktig knutpunkt f\u00f6r materiel som Nato och partners st\u00f6djer Ukraina med.<\/p>\n<p>Christian Bertilsson som \u00e4r f\u00f6rbandschef f\u00f6r den svenska kontingenten ber\u00e4ttar att Sveriges bidrag till Nato-insatsen \u00e4r nu slutf\u00f6rt men att det fortfarande kvarst\u00e5r en hel del jobb med avveckling fr\u00e5n basen i Polen.<\/p>\n<p>\u2212 Det \u00e4r en sk\u00f6n k\u00e4nsla att uppdraget \u00e4r slutf\u00f6rt, jag \u00e4r stolt \u00f6ver f\u00f6rbandet och \u00f6ver vad vi har \u00e5stadkommit. Vi har levererat i uppdraget fr\u00e5n f\u00f6rsta dagen. Nu har vi den slutgiltiga delen kvar, att omgruppera resten av f\u00f6rbandet fr\u00e5n Polen till F 17.<\/p>\n<p>\u2212 Jag \u00e4r n\u00f6jd \u00f6ver st\u00f6det vi har kunnat bidra med till Ukraina och Polen, uppdraget har \u00e4ven varit utvecklande f\u00f6r f\u00f6rbandet och har gjort oss starkare. Inte minst \u00e4r jag n\u00f6jd med att Flygvapnet har kunnat bidra till Nato-alliansen som en aktiv partner.<\/p>\n<p>Styrkan har best\u00e5tt av ca 120 personer som i huvudsak omfattas av personal fr\u00e5n Blekinge flygflottilj och sex stridsflygplan. Tillsammans med Polen och Storbritannien har den svenska kontingenten baserat p\u00e5 Malbork flygbas.<\/p>\n<p>\u2212 Samarbetet mellan v\u00e5ra olika nationer har fungerat j\u00e4ttebra, vi har inte bara haft ett bra samarbete utan vi har \u00e4ven skapat starka v\u00e4nskapsband. Vi har alla haft ett gemensamt syfte och m\u00e5l. Har man det s\u00e5 kan vi tillsammans \u00f6vervinna alla utmaningar och vara starka tillsammans.<\/p>\n<p>\u2212 Slutligen vill jag s\u00e4ga att vi har klarat detta uppdrag s\u00e5 pass bra eftersom att vi redan \u00e4r vana vid att agera snabbt och l\u00f6sa problem, vilket jag tycker att vi har lyckats med \u00e4ven denna g\u00e5ng. F\u00f6rbandet har gjort ett j\u00e4ttebra jobb och jag \u00e4r mycket stolt.<\/p>\n","protected":false},"excerpt":{"rendered":"Logistiknoden \u00e4r en viktig knutpunkt f\u00f6r materiel som Nato och partners st\u00f6djer Ukraina med. Christian Bertilsson som \u00e4r&hellip;\n","protected":false},"author":2,"featured_media":22761,"comment_status":"","ping_status":"","sticky":false,"template":"","format":"standard","meta":{"footnotes":""},"categories":[12],"tags":[22,23,2739,26,27,2740,17,21,24,25,28,29,999,15,16,18,34,31,33,32,30,19,20],"class_list":{"0":"post-22760","1":"post","2":"type-post","3":"status-publish","4":"format-standard","5":"has-post-thumbnail","7":"category-sverige","8":"tag-breaking-news","9":"tag-breakingnews","10":"tag-f-17","11":"tag-featured-news","12":"tag-featurednews","13":"tag-flygvapnet-luft","14":"tag-headlines","15":"tag-huvudnyheter","16":"tag-latest-news","17":"tag-latestnews","18":"tag-main-news","19":"tag-mainnews","20":"tag-nato","21":"tag-news","22":"tag-nyheter","23":"tag-rubriker","24":"tag-se","25":"tag-svenska","26":"tag-sverige","27":"tag-sweden","28":"tag-swedish","29":"tag-top-stories","30":"tag-topstories"},"share_on_mastodon":{"url":"","error":""},"_links":{"self":[{"href":"https:\/\/www.europesays.com\/se\/wp-json\/wp\/v2\/posts\/22760","targetHints":{"allow":["GET"]}}],"collection":[{"href":"https:\/\/www.europesays.com\/se\/wp-json\/wp\/v2\/posts"}],"about":[{"href":"https:\/\/www.europesays.com\/se\/wp-json\/wp\/v2\/types\/post"}],"author":[{"embeddable":true,"href":"https:\/\/www.europesays.com\/se\/wp-json\/wp\/v2\/users\/2"}],"replies":[{"embeddable":true,"href":"https:\/\/www.europesays.com\/se\/wp-json\/wp\/v2\/comments?post=22760"}],"version-history":[{"count":0,"href":"https:\/\/www.europesays.com\/se\/wp-json\/wp\/v2\/posts\/22760\/revisions"}],"wp:featuredmedia":[{"embeddable":true,"href":"https:\/\/www.europesays.com\/se\/wp-json\/wp\/v2\/media\/22761"}],"wp:attachment":[{"href":"https:\/\/www.europesays.com\/se\/wp-json\/wp\/v2\/media?parent=22760"}],"wp:term":[{"taxonomy":"category","embeddable":true,"href":"https:\/\/www.europesays.com\/se\/wp-json\/wp\/v2\/categories?post=22760"},{"taxonomy":"post_tag","embeddable":true,"href":"https:\/\/www.europesays.com\/se\/wp-json\/wp\/v2\/tags?post=22760"}],"curies":[{"name":"wp","href":"https:\/\/api.w.org\/{rel}","templated":true}]}}