{"id":228781,"date":"2026-04-26T09:58:25","date_gmt":"2026-04-26T09:58:25","guid":{"rendered":"https:\/\/www.europesays.com\/se\/228781\/"},"modified":"2026-04-26T09:58:25","modified_gmt":"2026-04-26T09:58:25","slug":"folkhalsomyndigheten-ska-utreda-aldersgrans-for-smartphones-2","status":"publish","type":"post","link":"https:\/\/www.europesays.com\/se\/228781\/","title":{"rendered":"Folkh\u00e4lsomyndigheten ska utreda \u00e5ldersgr\u00e4ns f\u00f6r smartphones"},"content":{"rendered":"<p><a class=\"wing-tag\" href=\"https:\/\/www.expressen.se\/om\/val-2026\/\" rel=\"nofollow noopener\" target=\"_blank\">Val 2026<\/a><\/p>\n<p>Uppdaterad 24 apr 2026 kl 12.06Publicerad 24 apr 2026 kl 07.34<\/p>\n<p>Regeringen ger Folkh\u00e4lsomyndigheten i uppdrag att utreda n\u00e4r barn tidigast b\u00f6r f\u00e5 en smart mobiltelefon.<\/p>\n<p>\u2013 Vi ser hur techbolagen har sina tentakler i barnens h\u00e4nder och fickor, s\u00e4ger socialminister Jakob Forssmed (KD).<\/p>\n<p>Senaste nyhetsklippen fr\u00e5n Expressen.<img   alt=\"\"\/><\/p>\n<p>Folkh\u00e4lsomyndigheten ska utreda n\u00e4r barn tidigast b\u00f6r f\u00e5 en smart mobiltelefon.<\/p>\n<p>Foto: Shutterstock<\/p>\n<p>\u00d6ppna bild i helsk\u00e4rm<\/p>\n<p>Regeringen har tidigare l\u00e5tit <a href=\"https:\/\/www.expressen.se\/tagg\/organization\/folkhalsomyndigheten\/\" class=\"\" rel=\"nofollow noopener\" target=\"_blank\">Folkh\u00e4lsomyndigheten<\/a> ta fram rekommendationer f\u00f6r sk\u00e4rmtid f\u00f6r barn och utreder en \u00e5ldersgr\u00e4ns f\u00f6r sociala medier.<\/p>\n<p>Nu g\u00e5r man ett steg l\u00e4ngre.<\/p>\n<p>\u2013 Vi vill att Folkh\u00e4lsomyndigheten ska g\u00e5 igenom kunskapsunderlaget, och om det finns st\u00f6d f\u00f6r det, ta fram f\u00f6rslag om en regel, rekommendation eller riktlinje f\u00f6r n\u00e4r man b\u00f6r ha sin f\u00f6rsta smartphone, s\u00e4ger Jakob Forssmed.<\/p>\n<p>Tidig mobildebut<\/p>\n<p>I dag har 90 procent av svenska 10-\u00e5ringar och 95 procent av 11-\u00e5ringarna en smart telefon.<\/p>\n<p>\u2013 Vi ser med oro p\u00e5 en utveckling d\u00e4r barn har g\u00e5tt ifr\u00e5n en lekbaserad barndom till en smartphonebaserad barndom. Man har en notismaskin som \u00e4r st\u00e4ndigt p\u00e5kopplad, s\u00e4ger han.<\/p>\n<p>Det p\u00e5verkar s\u00f6mn och psykisk h\u00e4lsa och svenska barn \u00e4r s\u00e4rskilt drabbade, enligt ministern.<\/p>\n<p>\u2013 Vi vill g\u00e4rna vara moderna och det har ocks\u00e5 lett till att vi har gett barn smartphones mycket tidigt i Sverige. Vi har ocks\u00e5 nu de mest stillasittande barnen i Norden.<\/p>\n<p>En smartphone \u00e4r ocks\u00e5 v\u00e4rre \u00e4n en l\u00e4splatta eller dator eftersom den \u00e4r st\u00e4ndigt n\u00e4rvarande, enligt Forssmed.<\/p>\n<p>Forskare som han har varit i kontakt med pekar p\u00e5 att det finns sk\u00e4l att skjuta upp \u00e5ldern f\u00f6r telefonpremi\u00e4ren. Sj\u00e4lv vill han inte s\u00e4ga vilken \u00e5lder som skulle kunna vara l\u00e4mplig men ger \u00e4nd\u00e5 en fingervisning.<\/p>\n<p>\u2013 Jag kan f\u00f6r egen del konstatera att de forskare jag pratar med om det h\u00e4r, d\u00e5 handlar det om 13-14 \u00e5r.<\/p>\n<p>Presenteras i sommar<\/p>\n<p>Han pekar ocks\u00e5 p\u00e5 Danmark och Finland d\u00e4r olika myndigheter satt 13 \u00e5r som en riktlinje.<\/p>\n<p>En \u00e5ldersgr\u00e4ns kan presenteras redan den 30 juni i \u00e5r n\u00e4r utredningen delredovisas och d\u00e4refter ska Folkh\u00e4lsomyndigheten sprida informationen till allm\u00e4nheten. Det kan vara till stor hj\u00e4lp f\u00f6r f\u00f6r\u00e4ldrar, enligt Forssmed.<\/p>\n<p>\u2013 D\u00e5 f\u00e5r de som vill introducera en smartphone tidigare motivera det, snarare \u00e4n att de f\u00f6r\u00e4ldrar som vill v\u00e4nta ska f\u00f6rs\u00f6ka motivera det f\u00f6r sina barn eller f\u00f6r andra f\u00f6r\u00e4ldrar, s\u00e4ger Forssmed.<\/p>\n<p><strong>L\u00c4S MER: <\/strong><a href=\"https:\/\/www.expressen.se\/nyheter\/sverige\/haller-presstraff-om-barns-skarmtid\/\" class=\"\" rel=\"nofollow noopener\" target=\"_blank\">R\u00e5den f\u00f6r barns sk\u00e4rmtid \u2013 det g\u00e4ller \u00e5lder f\u00f6r \u00e5lder<\/a><\/p>\n","protected":false},"excerpt":{"rendered":"Val 2026 Uppdaterad 24 apr 2026 kl 12.06Publicerad 24 apr 2026 kl 07.34 Regeringen ger Folkh\u00e4lsomyndigheten i uppdrag&hellip;\n","protected":false},"author":2,"featured_media":228782,"comment_status":"","ping_status":"","sticky":false,"template":"","format":"standard","meta":{"footnotes":"","_share_on_mastodon":"0"},"categories":[66],"tags":[3464,1892,43,943,80,78,79,34,154,31,33,32,30,81,84,534,63,83,82],"class_list":["post-228781","post","type-post","status-publish","format-standard","has-post-thumbnail","category-vetenskap-och-teknik","tag-newsstory-val-2026","tag-organization-folkhalsomyndigheten","tag-organization-regeringen","tag-person-jakob-forssmed","tag-science","tag-science-and-technology","tag-scienceandtechnology","tag-se","tag-sections-sverige","tag-svenska","tag-sverige","tag-sweden","tag-swedish","tag-technology","tag-teknik","tag-topic-foraldraskap","tag-topic-teknik-elektronik","tag-vetenskap","tag-vetenskapteknik"],"share_on_mastodon":{"url":"https:\/\/pubeurope.com\/@se\/116470422263423793","error":""},"_links":{"self":[{"href":"https:\/\/www.europesays.com\/se\/wp-json\/wp\/v2\/posts\/228781","targetHints":{"allow":["GET"]}}],"collection":[{"href":"https:\/\/www.europesays.com\/se\/wp-json\/wp\/v2\/posts"}],"about":[{"href":"https:\/\/www.europesays.com\/se\/wp-json\/wp\/v2\/types\/post"}],"author":[{"embeddable":true,"href":"https:\/\/www.europesays.com\/se\/wp-json\/wp\/v2\/users\/2"}],"replies":[{"embeddable":true,"href":"https:\/\/www.europesays.com\/se\/wp-json\/wp\/v2\/comments?post=228781"}],"version-history":[{"count":0,"href":"https:\/\/www.europesays.com\/se\/wp-json\/wp\/v2\/posts\/228781\/revisions"}],"wp:featuredmedia":[{"embeddable":true,"href":"https:\/\/www.europesays.com\/se\/wp-json\/wp\/v2\/media\/228782"}],"wp:attachment":[{"href":"https:\/\/www.europesays.com\/se\/wp-json\/wp\/v2\/media?parent=228781"}],"wp:term":[{"taxonomy":"category","embeddable":true,"href":"https:\/\/www.europesays.com\/se\/wp-json\/wp\/v2\/categories?post=228781"},{"taxonomy":"post_tag","embeddable":true,"href":"https:\/\/www.europesays.com\/se\/wp-json\/wp\/v2\/tags?post=228781"}],"curies":[{"name":"wp","href":"https:\/\/api.w.org\/{rel}","templated":true}]}}